{"id":1230,"date":"2017-10-02T10:51:44","date_gmt":"2017-10-02T10:51:44","guid":{"rendered":"https:\/\/gabinete.net\/?p=1230"},"modified":"2020-03-23T17:07:38","modified_gmt":"2020-03-23T17:07:38","slug":"3-de-octubre-de-2017-badalona-en-huelga","status":"publish","type":"post","link":"https:\/\/gabinete.net\/es\/3-de-octubre-de-2017-badalona-en-huelga\/","title":{"rendered":"3 de octubre de 2017. Badalona en huelga"},"content":{"rendered":"<p>A ra\u00edz de la jornada del 1-O y en respuesta a los graves enfrentamientos que se vivieron en muchos puntos de Catalu\u00f1a, se ha tomado la decisi\u00f3n de convocar una huelga general para el martes 3 de octubre de 2017.<\/p>\n<p>La convocatoria est\u00e1 dirigida a todo el mundo, tanto a miembros de la patronal, empresarios, sindicados, trabajadores aut\u00f3nomos, entidades, instituciones y sobre todo a los trabajadores y, en general, todos los ciudadanos de Catalu\u00f1a.<\/p>\n<p>Es por este motivo que queremos dirigirnos a todos los ciudadanos de Badalona, en especial a los trabajadores, para informarles de los derechos que los amparan y hacer cinco c\u00e9ntimos de lo que implica hacer huelga.<\/p>\n<p>El derecho de huelga es un derecho previsto al art\u00edculo 28.2 de la Constituci\u00f3n y al 4.1.e) del Estatuto de los Trabajadores, por lo tanto el trabajador es libre de adherirse o no en cualquier momento y ning\u00fan trabajador puede ser forzado a hacerla en contra de su voluntad.<\/p>\n<p>En caso de adherirse, la empresa no puede utilizar este motivo para despedir al trabajador puesto que su ausencia no se computa como falta de asistencia. Se entiende que mientras dure la huelga el contrato del trabajador queda suspendido. Esto tiene repercusi\u00f3n en el salario del trabajador, puesto que el empresario no est\u00e1 obligado a pagarle durante el tiempo que est\u00e9 haciendo huelga.<\/p>\n<p>A pesar de todo, mientras dure la huelga el trabajador sigue de alta en la Seguridad Social, pero de forma especial, por lo tanto no cotizar\u00e1.<\/p>\n<p>El empresario no puede sustituir los huelguistas por otros trabajadores externos contratados para tal fin, aunque puede cubrir sus funciones con trabajadores que ya est\u00e9n de alta en la empresa y que pertenezcan a la misma categor\u00eda o grupo profesional.<\/p>\n<p>En cuanto a los piquetes, hay que recordar que la ley permite que hagan funciones informativas o persuasivas, pero en ning\u00fan caso uso de amenazas o coacciones, cosa que podr\u00eda constituir un delito.<\/p>\n<p>Desde este despacho queremos hacer un llamamiento a todos los ciudadanos de Badalona para que, tomen la decisi\u00f3n que tomen, lo hagan de forma responsable y respetando a los dem\u00e1s.<\/p>\n","protected":false},"excerpt":{"rendered":"<p>A ra\u00edz de la jornada del 1-O y en respuesta a los graves enfrentamientos que se vivieron en muchos puntos de Catalu\u00f1a, se ha tomado la decisi\u00f3n de convocar una huelga general para el martes 3 de octubre de 2017. La convocatoria est\u00e1 dirigida a todo el mundo, tanto a miembros de la patronal, empresarios, [&hellip;]<\/p>\n","protected":false},"author":1,"featured_media":1295,"comment_status":"open","ping_status":"open","sticky":false,"template":"","format":"standard","meta":[],"categories":[1],"tags":[],"yoast_head":"<!-- This site is optimized with the Yoast SEO plugin v16.7 - https:\/\/yoast.com\/wordpress\/plugins\/seo\/ -->\n<title>3 de octubre de 2017. Badalona en huelga - Gabinete<\/title>\n<meta name=\"robots\" content=\"index, follow, max-snippet:-1, max-image-preview:large, max-video-preview:-1\" \/>\n<link rel=\"canonical\" href=\"https:\/\/gabinete.net\/es\/3-de-octubre-de-2017-badalona-en-huelga\/\" \/>\n<meta property=\"og:locale\" content=\"es_ES\" \/>\n<meta property=\"og:type\" content=\"article\" \/>\n<meta property=\"og:title\" content=\"3 de octubre de 2017. Badalona en huelga - Gabinete\" \/>\n<meta property=\"og:description\" content=\"A ra\u00edz de la jornada del 1-O y en respuesta a los graves enfrentamientos que se vivieron en muchos puntos de Catalu\u00f1a, se ha tomado la decisi\u00f3n de convocar una huelga general para el martes 3 de octubre de 2017. La convocatoria est\u00e1 dirigida a todo el mundo, tanto a miembros de la patronal, empresarios, [&hellip;]\" \/>\n<meta property=\"og:url\" content=\"https:\/\/gabinete.net\/es\/3-de-octubre-de-2017-badalona-en-huelga\/\" \/>\n<meta property=\"og:site_name\" content=\"Gabinete\" \/>\n<meta property=\"article:publisher\" content=\"https:\/\/www.facebook.com\/Gabinete-Jur%c3%addico-Hern%c3%a1ndez-Vicente-SL-850104825098234\/\" \/>\n<meta property=\"article:published_time\" content=\"2017-10-02T10:51:44+00:00\" \/>\n<meta property=\"article:modified_time\" content=\"2020-03-23T17:07:38+00:00\" \/>\n<meta property=\"og:image\" content=\"https:\/\/gabinete.net\/wp-content\/uploads\/2020\/03\/1-1.jpg\" \/>\n\t<meta property=\"og:image:width\" content=\"1000\" \/>\n\t<meta property=\"og:image:height\" content=\"667\" \/>\n<meta name=\"twitter:card\" content=\"summary_large_image\" \/>\n<meta name=\"twitter:label1\" content=\"Escrito por\" \/>\n\t<meta name=\"twitter:data1\" content=\"b8e450f728\" \/>\n\t<meta name=\"twitter:label2\" content=\"Tiempo de lectura\" \/>\n\t<meta name=\"twitter:data2\" content=\"2 minutos\" \/>\n<script type=\"application\/ld+json\" class=\"yoast-schema-graph\">{\"@context\":\"https:\/\/schema.org\",\"@graph\":[{\"@type\":\"WebSite\",\"@id\":\"https:\/\/gabinete.net\/#website\",\"url\":\"https:\/\/gabinete.net\/\",\"name\":\"Gabinete\",\"description\":\"Otro sitio realizado con WordPress\",\"potentialAction\":[{\"@type\":\"SearchAction\",\"target\":{\"@type\":\"EntryPoint\",\"urlTemplate\":\"https:\/\/gabinete.net\/?s={search_term_string}\"},\"query-input\":\"required name=search_term_string\"}],\"inLanguage\":\"es\"},{\"@type\":\"ImageObject\",\"@id\":\"https:\/\/gabinete.net\/es\/3-de-octubre-de-2017-badalona-en-huelga\/#primaryimage\",\"inLanguage\":\"es\",\"url\":\"https:\/\/gabinete.net\/wp-content\/uploads\/2020\/03\/1-1.jpg\",\"contentUrl\":\"https:\/\/gabinete.net\/wp-content\/uploads\/2020\/03\/1-1.jpg\",\"width\":1000,\"height\":667,\"caption\":\"Processed with VSCO with a6 preset\"},{\"@type\":\"WebPage\",\"@id\":\"https:\/\/gabinete.net\/es\/3-de-octubre-de-2017-badalona-en-huelga\/#webpage\",\"url\":\"https:\/\/gabinete.net\/es\/3-de-octubre-de-2017-badalona-en-huelga\/\",\"name\":\"3 de octubre de 2017. Badalona en huelga - Gabinete\",\"isPartOf\":{\"@id\":\"https:\/\/gabinete.net\/#website\"},\"primaryImageOfPage\":{\"@id\":\"https:\/\/gabinete.net\/es\/3-de-octubre-de-2017-badalona-en-huelga\/#primaryimage\"},\"datePublished\":\"2017-10-02T10:51:44+00:00\",\"dateModified\":\"2020-03-23T17:07:38+00:00\",\"author\":{\"@id\":\"https:\/\/gabinete.net\/#\/schema\/person\/a90bc5bf3c4075fa4c0ca181ec7d5896\"},\"breadcrumb\":{\"@id\":\"https:\/\/gabinete.net\/es\/3-de-octubre-de-2017-badalona-en-huelga\/#breadcrumb\"},\"inLanguage\":\"es\",\"potentialAction\":[{\"@type\":\"ReadAction\",\"target\":[\"https:\/\/gabinete.net\/es\/3-de-octubre-de-2017-badalona-en-huelga\/\"]}]},{\"@type\":\"BreadcrumbList\",\"@id\":\"https:\/\/gabinete.net\/es\/3-de-octubre-de-2017-badalona-en-huelga\/#breadcrumb\",\"itemListElement\":[{\"@type\":\"ListItem\",\"position\":1,\"name\":\"Inici\",\"item\":\"https:\/\/gabinete.net\/es\/\"},{\"@type\":\"ListItem\",\"position\":2,\"name\":\"3 de octubre de 2017. Badalona en huelga\"}]},{\"@type\":\"Person\",\"@id\":\"https:\/\/gabinete.net\/#\/schema\/person\/a90bc5bf3c4075fa4c0ca181ec7d5896\",\"name\":\"b8e450f728\",\"image\":{\"@type\":\"ImageObject\",\"@id\":\"https:\/\/gabinete.net\/#personlogo\",\"inLanguage\":\"es\",\"url\":\"https:\/\/secure.gravatar.com\/avatar\/11e244c4d1fe74864ce860fc7a57d204?s=96&d=mm&r=g\",\"contentUrl\":\"https:\/\/secure.gravatar.com\/avatar\/11e244c4d1fe74864ce860fc7a57d204?s=96&d=mm&r=g\",\"caption\":\"b8e450f728\"}}]}<\/script>\n<!-- \/ Yoast SEO plugin. -->","yoast_head_json":{"title":"3 de octubre de 2017. Badalona en huelga - Gabinete","robots":{"index":"index","follow":"follow","max-snippet":"max-snippet:-1","max-image-preview":"max-image-preview:large","max-video-preview":"max-video-preview:-1"},"canonical":"https:\/\/gabinete.net\/es\/3-de-octubre-de-2017-badalona-en-huelga\/","og_locale":"es_ES","og_type":"article","og_title":"3 de octubre de 2017. Badalona en huelga - Gabinete","og_description":"A ra\u00edz de la jornada del 1-O y en respuesta a los graves enfrentamientos que se vivieron en muchos puntos de Catalu\u00f1a, se ha tomado la decisi\u00f3n de convocar una huelga general para el martes 3 de octubre de 2017. La convocatoria est\u00e1 dirigida a todo el mundo, tanto a miembros de la patronal, empresarios, [&hellip;]","og_url":"https:\/\/gabinete.net\/es\/3-de-octubre-de-2017-badalona-en-huelga\/","og_site_name":"Gabinete","article_publisher":"https:\/\/www.facebook.com\/Gabinete-Jur%c3%addico-Hern%c3%a1ndez-Vicente-SL-850104825098234\/","article_published_time":"2017-10-02T10:51:44+00:00","article_modified_time":"2020-03-23T17:07:38+00:00","og_image":[{"width":1000,"height":667,"url":"https:\/\/gabinete.net\/wp-content\/uploads\/2020\/03\/1-1.jpg","path":"\/home\/gabinetevp\/www\/wp-content\/uploads\/2020\/03\/1-1.jpg","size":"full","id":1295,"alt":"","pixels":667000,"type":"image\/jpeg"}],"twitter_card":"summary_large_image","twitter_misc":{"Escrito por":"b8e450f728","Tiempo de lectura":"2 minutos"},"schema":{"@context":"https:\/\/schema.org","@graph":[{"@type":"WebSite","@id":"https:\/\/gabinete.net\/#website","url":"https:\/\/gabinete.net\/","name":"Gabinete","description":"Otro sitio realizado con WordPress","potentialAction":[{"@type":"SearchAction","target":{"@type":"EntryPoint","urlTemplate":"https:\/\/gabinete.net\/?s={search_term_string}"},"query-input":"required name=search_term_string"}],"inLanguage":"es"},{"@type":"ImageObject","@id":"https:\/\/gabinete.net\/es\/3-de-octubre-de-2017-badalona-en-huelga\/#primaryimage","inLanguage":"es","url":"https:\/\/gabinete.net\/wp-content\/uploads\/2020\/03\/1-1.jpg","contentUrl":"https:\/\/gabinete.net\/wp-content\/uploads\/2020\/03\/1-1.jpg","width":1000,"height":667,"caption":"Processed with VSCO with a6 preset"},{"@type":"WebPage","@id":"https:\/\/gabinete.net\/es\/3-de-octubre-de-2017-badalona-en-huelga\/#webpage","url":"https:\/\/gabinete.net\/es\/3-de-octubre-de-2017-badalona-en-huelga\/","name":"3 de octubre de 2017. Badalona en huelga - Gabinete","isPartOf":{"@id":"https:\/\/gabinete.net\/#website"},"primaryImageOfPage":{"@id":"https:\/\/gabinete.net\/es\/3-de-octubre-de-2017-badalona-en-huelga\/#primaryimage"},"datePublished":"2017-10-02T10:51:44+00:00","dateModified":"2020-03-23T17:07:38+00:00","author":{"@id":"https:\/\/gabinete.net\/#\/schema\/person\/a90bc5bf3c4075fa4c0ca181ec7d5896"},"breadcrumb":{"@id":"https:\/\/gabinete.net\/es\/3-de-octubre-de-2017-badalona-en-huelga\/#breadcrumb"},"inLanguage":"es","potentialAction":[{"@type":"ReadAction","target":["https:\/\/gabinete.net\/es\/3-de-octubre-de-2017-badalona-en-huelga\/"]}]},{"@type":"BreadcrumbList","@id":"https:\/\/gabinete.net\/es\/3-de-octubre-de-2017-badalona-en-huelga\/#breadcrumb","itemListElement":[{"@type":"ListItem","position":1,"name":"Inici","item":"https:\/\/gabinete.net\/es\/"},{"@type":"ListItem","position":2,"name":"3 de octubre de 2017. Badalona en huelga"}]},{"@type":"Person","@id":"https:\/\/gabinete.net\/#\/schema\/person\/a90bc5bf3c4075fa4c0ca181ec7d5896","name":"b8e450f728","image":{"@type":"ImageObject","@id":"https:\/\/gabinete.net\/#personlogo","inLanguage":"es","url":"https:\/\/secure.gravatar.com\/avatar\/11e244c4d1fe74864ce860fc7a57d204?s=96&d=mm&r=g","contentUrl":"https:\/\/secure.gravatar.com\/avatar\/11e244c4d1fe74864ce860fc7a57d204?s=96&d=mm&r=g","caption":"b8e450f728"}}]}},"_links":{"self":[{"href":"https:\/\/gabinete.net\/es\/wp-json\/wp\/v2\/posts\/1230"}],"collection":[{"href":"https:\/\/gabinete.net\/es\/wp-json\/wp\/v2\/posts"}],"about":[{"href":"https:\/\/gabinete.net\/es\/wp-json\/wp\/v2\/types\/post"}],"author":[{"embeddable":true,"href":"https:\/\/gabinete.net\/es\/wp-json\/wp\/v2\/users\/1"}],"replies":[{"embeddable":true,"href":"https:\/\/gabinete.net\/es\/wp-json\/wp\/v2\/comments?post=1230"}],"version-history":[{"count":1,"href":"https:\/\/gabinete.net\/es\/wp-json\/wp\/v2\/posts\/1230\/revisions"}],"predecessor-version":[{"id":1239,"href":"https:\/\/gabinete.net\/es\/wp-json\/wp\/v2\/posts\/1230\/revisions\/1239"}],"wp:featuredmedia":[{"embeddable":true,"href":"https:\/\/gabinete.net\/es\/wp-json\/wp\/v2\/media\/1295"}],"wp:attachment":[{"href":"https:\/\/gabinete.net\/es\/wp-json\/wp\/v2\/media?parent=1230"}],"wp:term":[{"taxonomy":"category","embeddable":true,"href":"https:\/\/gabinete.net\/es\/wp-json\/wp\/v2\/categories?post=1230"},{"taxonomy":"post_tag","embeddable":true,"href":"https:\/\/gabinete.net\/es\/wp-json\/wp\/v2\/tags?post=1230"}],"curies":[{"name":"wp","href":"https:\/\/api.w.org\/{rel}","templated":true}]}}