{"id":345,"date":"2016-06-03T06:13:03","date_gmt":"2016-06-03T06:13:03","guid":{"rendered":"https:\/\/gabinete.net\/?p=345"},"modified":"2020-03-24T06:56:22","modified_gmt":"2020-03-24T06:56:22","slug":"el-salario-y-las-consecuencias-de-su-impago","status":"publish","type":"post","link":"https:\/\/gabinete.net\/es\/el-salario-y-las-consecuencias-de-su-impago\/","title":{"rendered":"El salario y las consecuencias de su impago"},"content":{"rendered":"<p>Dejando a un lado los aspectos puramente vocacionales, la gran mayor\u00eda de nosotros trabaja diariamente por el cobro mensual de un salario.<\/p>\n<p>Es importante saber que el abono de la citada remuneraci\u00f3n, que podr\u00e1 ser m\u00e1s o menos justa, se debe efectuar por el empresario de forma puntual y documental, en la fecha y lugar convenidos con el trabajador, o bien, conforme a los usos y costumbres del lugar.<\/p>\n<p>Su pago debe ser peri\u00f3dico y regular coincidiendo normalmente con periodos mensuales.<\/p>\n<p>Por otro lado, tener en cuenta, que el trabajador tiene derecho a percibir anticipos mensuales antes de que llegue el d\u00eda se\u00f1alado para el pago, a cuenta del trabajo ya realizado.<\/p>\n<p>En caso de falta de pago o retraso continuado en el abono de salarios, el trabajador podr\u00e1 solicitar de los tribunales de justicia la extinci\u00f3n de su contrato de trabajo, mediante la presentaci\u00f3n de la correspondiente demanda.<\/p>\n<p>En estos casos, el trabajador tiene derecho a las indemnizaciones se\u00f1aladas para el despido improcedente, es decir, cuarenta y cinco d\u00edas de salario por a\u00f1o de servicio, prorrate\u00e1ndose por meses los periodos inferiores a un a\u00f1o y hasta un m\u00e1ximo de cuarenta y dos mensualidades.<\/p>\n<p>Asimismo, cuando el trabajador no desea acabar con la relaci\u00f3n laboral existente, siempre tiene la opci\u00f3n de reclamar los salarios adeudados a trav\u00e9s de la presentaci\u00f3n de una demanda en reclamaci\u00f3n de cantidad.<\/p>\n<p>En este supuesto, se ha de tener en cuenta lo dispuesto en el art\u00edculo 59 de la Ley de Procedimiento Laboral, seg\u00fan el cual el plazo para reclamar percepciones econ\u00f3micas o para el cumplimiento de obligaciones de tracto \u00fanico, ser\u00e1 de un a\u00f1o, comput\u00e1ndose dicho plazo desde el d\u00eda en que la acci\u00f3n pudiera ejercitarse.<\/p>\n<p>Finalmente, manifestar que normalmente el impago de salarios va relacionado con situaciones de insolvencia empresarial o quiebra o suspensi\u00f3n de pagos, por lo cual, la mayor\u00eda de las veces el trabajador deber\u00e1 esperar a cobrar a trav\u00e9s del Fondo de Garant\u00eda Salarial, el conocido FOGASA, organismo encargado de abonar a los trabajadores los salarios adeudados en los supuestos rese\u00f1ados.<\/p>\n<p>Pero se ha de tener en cuenta que el FOGASA no abonar\u00e1 nunca, por salarios pendientes en las modalidades citadas, un importe superior a lacantidad resultante de multiplicar el doble del salario m\u00ednimo interprofesional diario por el n\u00famero de d\u00edas de salario pendiente de pago, con un m\u00e1ximo de ciento veinte d\u00edas en total.<\/p>\n","protected":false},"excerpt":{"rendered":"<p>Dejando a un lado los aspectos puramente vocacionales, la gran mayor\u00eda de nosotros trabaja diariamente por el cobro mensual de un salario. Es importante saber que el abono de la citada remuneraci\u00f3n, que podr\u00e1 ser m\u00e1s o menos justa, se debe efectuar por el empresario de forma puntual y documental, en la fecha y lugar [&hellip;]<\/p>\n","protected":false},"author":2,"featured_media":1375,"comment_status":"open","ping_status":"open","sticky":false,"template":"","format":"standard","meta":[],"categories":[2],"tags":[],"yoast_head":"<!-- This site is optimized with the Yoast SEO plugin v16.7 - https:\/\/yoast.com\/wordpress\/plugins\/seo\/ -->\n<title>El salario y las consecuencias de su impago - Gabinete<\/title>\n<meta name=\"robots\" content=\"index, follow, max-snippet:-1, max-image-preview:large, max-video-preview:-1\" \/>\n<link rel=\"canonical\" href=\"https:\/\/gabinete.net\/es\/el-salario-y-las-consecuencias-de-su-impago\/\" \/>\n<meta property=\"og:locale\" content=\"es_ES\" \/>\n<meta property=\"og:type\" content=\"article\" \/>\n<meta property=\"og:title\" content=\"El salario y las consecuencias de su impago - Gabinete\" \/>\n<meta property=\"og:description\" content=\"Dejando a un lado los aspectos puramente vocacionales, la gran mayor\u00eda de nosotros trabaja diariamente por el cobro mensual de un salario. Es importante saber que el abono de la citada remuneraci\u00f3n, que podr\u00e1 ser m\u00e1s o menos justa, se debe efectuar por el empresario de forma puntual y documental, en la fecha y lugar [&hellip;]\" \/>\n<meta property=\"og:url\" content=\"https:\/\/gabinete.net\/es\/el-salario-y-las-consecuencias-de-su-impago\/\" \/>\n<meta property=\"og:site_name\" content=\"Gabinete\" \/>\n<meta property=\"article:publisher\" content=\"https:\/\/www.facebook.com\/Gabinete-Jur%c3%addico-Hern%c3%a1ndez-Vicente-SL-850104825098234\/\" \/>\n<meta property=\"article:published_time\" content=\"2016-06-03T06:13:03+00:00\" \/>\n<meta property=\"article:modified_time\" content=\"2020-03-24T06:56:22+00:00\" \/>\n<meta property=\"og:image\" content=\"https:\/\/gabinete.net\/wp-content\/uploads\/2020\/03\/6.salario.jpg\" \/>\n\t<meta property=\"og:image:width\" content=\"500\" \/>\n\t<meta property=\"og:image:height\" content=\"500\" \/>\n<meta name=\"twitter:card\" content=\"summary_large_image\" \/>\n<meta name=\"twitter:label1\" content=\"Escrito por\" \/>\n\t<meta name=\"twitter:data1\" content=\"Hern\u00e1ndez &amp; Vicente\" \/>\n\t<meta name=\"twitter:label2\" content=\"Tiempo de lectura\" \/>\n\t<meta name=\"twitter:data2\" content=\"2 minutos\" \/>\n<script type=\"application\/ld+json\" class=\"yoast-schema-graph\">{\"@context\":\"https:\/\/schema.org\",\"@graph\":[{\"@type\":\"WebSite\",\"@id\":\"https:\/\/gabinete.net\/#website\",\"url\":\"https:\/\/gabinete.net\/\",\"name\":\"Gabinete\",\"description\":\"Otro sitio realizado con WordPress\",\"potentialAction\":[{\"@type\":\"SearchAction\",\"target\":{\"@type\":\"EntryPoint\",\"urlTemplate\":\"https:\/\/gabinete.net\/?s={search_term_string}\"},\"query-input\":\"required name=search_term_string\"}],\"inLanguage\":\"es\"},{\"@type\":\"ImageObject\",\"@id\":\"https:\/\/gabinete.net\/es\/el-salario-y-las-consecuencias-de-su-impago\/#primaryimage\",\"inLanguage\":\"es\",\"url\":\"https:\/\/gabinete.net\/wp-content\/uploads\/2020\/03\/6.salario.jpg\",\"contentUrl\":\"https:\/\/gabinete.net\/wp-content\/uploads\/2020\/03\/6.salario.jpg\",\"width\":500,\"height\":500},{\"@type\":\"WebPage\",\"@id\":\"https:\/\/gabinete.net\/es\/el-salario-y-las-consecuencias-de-su-impago\/#webpage\",\"url\":\"https:\/\/gabinete.net\/es\/el-salario-y-las-consecuencias-de-su-impago\/\",\"name\":\"El salario y las consecuencias de su impago - Gabinete\",\"isPartOf\":{\"@id\":\"https:\/\/gabinete.net\/#website\"},\"primaryImageOfPage\":{\"@id\":\"https:\/\/gabinete.net\/es\/el-salario-y-las-consecuencias-de-su-impago\/#primaryimage\"},\"datePublished\":\"2016-06-03T06:13:03+00:00\",\"dateModified\":\"2020-03-24T06:56:22+00:00\",\"author\":{\"@id\":\"https:\/\/gabinete.net\/#\/schema\/person\/114c7f352df189fa1740c59e1aaf399b\"},\"breadcrumb\":{\"@id\":\"https:\/\/gabinete.net\/es\/el-salario-y-las-consecuencias-de-su-impago\/#breadcrumb\"},\"inLanguage\":\"es\",\"potentialAction\":[{\"@type\":\"ReadAction\",\"target\":[\"https:\/\/gabinete.net\/es\/el-salario-y-las-consecuencias-de-su-impago\/\"]}]},{\"@type\":\"BreadcrumbList\",\"@id\":\"https:\/\/gabinete.net\/es\/el-salario-y-las-consecuencias-de-su-impago\/#breadcrumb\",\"itemListElement\":[{\"@type\":\"ListItem\",\"position\":1,\"name\":\"Inici\",\"item\":\"https:\/\/gabinete.net\/es\/\"},{\"@type\":\"ListItem\",\"position\":2,\"name\":\"El salario y las consecuencias de su impago\"}]},{\"@type\":\"Person\",\"@id\":\"https:\/\/gabinete.net\/#\/schema\/person\/114c7f352df189fa1740c59e1aaf399b\",\"name\":\"Hern\\u00e1ndez &amp; Vicente\",\"image\":{\"@type\":\"ImageObject\",\"@id\":\"https:\/\/gabinete.net\/#personlogo\",\"inLanguage\":\"es\",\"url\":\"https:\/\/secure.gravatar.com\/avatar\/7c27f531a5f0b8b61666ba5c046c2c31?s=96&d=mm&r=g\",\"contentUrl\":\"https:\/\/secure.gravatar.com\/avatar\/7c27f531a5f0b8b61666ba5c046c2c31?s=96&d=mm&r=g\",\"caption\":\"Hern\\u00e1ndez &amp; Vicente\"}}]}<\/script>\n<!-- \/ Yoast SEO plugin. -->","yoast_head_json":{"title":"El salario y las consecuencias de su impago - Gabinete","robots":{"index":"index","follow":"follow","max-snippet":"max-snippet:-1","max-image-preview":"max-image-preview:large","max-video-preview":"max-video-preview:-1"},"canonical":"https:\/\/gabinete.net\/es\/el-salario-y-las-consecuencias-de-su-impago\/","og_locale":"es_ES","og_type":"article","og_title":"El salario y las consecuencias de su impago - Gabinete","og_description":"Dejando a un lado los aspectos puramente vocacionales, la gran mayor\u00eda de nosotros trabaja diariamente por el cobro mensual de un salario. Es importante saber que el abono de la citada remuneraci\u00f3n, que podr\u00e1 ser m\u00e1s o menos justa, se debe efectuar por el empresario de forma puntual y documental, en la fecha y lugar [&hellip;]","og_url":"https:\/\/gabinete.net\/es\/el-salario-y-las-consecuencias-de-su-impago\/","og_site_name":"Gabinete","article_publisher":"https:\/\/www.facebook.com\/Gabinete-Jur%c3%addico-Hern%c3%a1ndez-Vicente-SL-850104825098234\/","article_published_time":"2016-06-03T06:13:03+00:00","article_modified_time":"2020-03-24T06:56:22+00:00","og_image":[{"width":500,"height":500,"url":"https:\/\/gabinete.net\/wp-content\/uploads\/2020\/03\/6.salario.jpg","path":"\/home\/gabinetevp\/www\/wp-content\/uploads\/2020\/03\/6.salario.jpg","size":"full","id":1375,"alt":"","pixels":250000,"type":"image\/jpeg"}],"twitter_card":"summary_large_image","twitter_misc":{"Escrito por":"Hern\u00e1ndez &amp; Vicente","Tiempo de lectura":"2 minutos"},"schema":{"@context":"https:\/\/schema.org","@graph":[{"@type":"WebSite","@id":"https:\/\/gabinete.net\/#website","url":"https:\/\/gabinete.net\/","name":"Gabinete","description":"Otro sitio realizado con WordPress","potentialAction":[{"@type":"SearchAction","target":{"@type":"EntryPoint","urlTemplate":"https:\/\/gabinete.net\/?s={search_term_string}"},"query-input":"required name=search_term_string"}],"inLanguage":"es"},{"@type":"ImageObject","@id":"https:\/\/gabinete.net\/es\/el-salario-y-las-consecuencias-de-su-impago\/#primaryimage","inLanguage":"es","url":"https:\/\/gabinete.net\/wp-content\/uploads\/2020\/03\/6.salario.jpg","contentUrl":"https:\/\/gabinete.net\/wp-content\/uploads\/2020\/03\/6.salario.jpg","width":500,"height":500},{"@type":"WebPage","@id":"https:\/\/gabinete.net\/es\/el-salario-y-las-consecuencias-de-su-impago\/#webpage","url":"https:\/\/gabinete.net\/es\/el-salario-y-las-consecuencias-de-su-impago\/","name":"El salario y las consecuencias de su impago - Gabinete","isPartOf":{"@id":"https:\/\/gabinete.net\/#website"},"primaryImageOfPage":{"@id":"https:\/\/gabinete.net\/es\/el-salario-y-las-consecuencias-de-su-impago\/#primaryimage"},"datePublished":"2016-06-03T06:13:03+00:00","dateModified":"2020-03-24T06:56:22+00:00","author":{"@id":"https:\/\/gabinete.net\/#\/schema\/person\/114c7f352df189fa1740c59e1aaf399b"},"breadcrumb":{"@id":"https:\/\/gabinete.net\/es\/el-salario-y-las-consecuencias-de-su-impago\/#breadcrumb"},"inLanguage":"es","potentialAction":[{"@type":"ReadAction","target":["https:\/\/gabinete.net\/es\/el-salario-y-las-consecuencias-de-su-impago\/"]}]},{"@type":"BreadcrumbList","@id":"https:\/\/gabinete.net\/es\/el-salario-y-las-consecuencias-de-su-impago\/#breadcrumb","itemListElement":[{"@type":"ListItem","position":1,"name":"Inici","item":"https:\/\/gabinete.net\/es\/"},{"@type":"ListItem","position":2,"name":"El salario y las consecuencias de su impago"}]},{"@type":"Person","@id":"https:\/\/gabinete.net\/#\/schema\/person\/114c7f352df189fa1740c59e1aaf399b","name":"Hern\u00e1ndez &amp; Vicente","image":{"@type":"ImageObject","@id":"https:\/\/gabinete.net\/#personlogo","inLanguage":"es","url":"https:\/\/secure.gravatar.com\/avatar\/7c27f531a5f0b8b61666ba5c046c2c31?s=96&d=mm&r=g","contentUrl":"https:\/\/secure.gravatar.com\/avatar\/7c27f531a5f0b8b61666ba5c046c2c31?s=96&d=mm&r=g","caption":"Hern\u00e1ndez &amp; Vicente"}}]}},"_links":{"self":[{"href":"https:\/\/gabinete.net\/es\/wp-json\/wp\/v2\/posts\/345"}],"collection":[{"href":"https:\/\/gabinete.net\/es\/wp-json\/wp\/v2\/posts"}],"about":[{"href":"https:\/\/gabinete.net\/es\/wp-json\/wp\/v2\/types\/post"}],"author":[{"embeddable":true,"href":"https:\/\/gabinete.net\/es\/wp-json\/wp\/v2\/users\/2"}],"replies":[{"embeddable":true,"href":"https:\/\/gabinete.net\/es\/wp-json\/wp\/v2\/comments?post=345"}],"version-history":[{"count":1,"href":"https:\/\/gabinete.net\/es\/wp-json\/wp\/v2\/posts\/345\/revisions"}],"predecessor-version":[{"id":1812,"href":"https:\/\/gabinete.net\/es\/wp-json\/wp\/v2\/posts\/345\/revisions\/1812"}],"wp:featuredmedia":[{"embeddable":true,"href":"https:\/\/gabinete.net\/es\/wp-json\/wp\/v2\/media\/1375"}],"wp:attachment":[{"href":"https:\/\/gabinete.net\/es\/wp-json\/wp\/v2\/media?parent=345"}],"wp:term":[{"taxonomy":"category","embeddable":true,"href":"https:\/\/gabinete.net\/es\/wp-json\/wp\/v2\/categories?post=345"},{"taxonomy":"post_tag","embeddable":true,"href":"https:\/\/gabinete.net\/es\/wp-json\/wp\/v2\/tags?post=345"}],"curies":[{"name":"wp","href":"https:\/\/api.w.org\/{rel}","templated":true}]}}