{"id":393,"date":"2016-06-15T08:02:58","date_gmt":"2016-06-15T08:02:58","guid":{"rendered":"https:\/\/gabinete.net\/?p=393"},"modified":"2020-03-24T06:53:33","modified_gmt":"2020-03-24T06:53:33","slug":"la-pension-de-viudedad","status":"publish","type":"post","link":"https:\/\/gabinete.net\/es\/la-pension-de-viudedad\/","title":{"rendered":"La pensi\u00f3n de viudedad"},"content":{"rendered":"<p>La Seguridad Social prev\u00e9 toda una serie de prestaciones dirigidas a procurar medios de subsistencia a quienes depend\u00edan econ\u00f3micamente de un trabajador fallecido; \u00e9stas son las prestaciones por muerte y supervivencia.<\/p>\n<p>Dentro de este grupo de prestaciones se encuentra la pensi\u00f3n vitalicia por viudedad de la que ser\u00e1 beneficiario el c\u00f3nyuge superviviente.<\/p>\n<p>Para poder ser beneficiario de esta prestaci\u00f3n es necesario: 1) Haber estado casado legalmente, exigi\u00e9ndose que haya existido convivencia habitual (no es necesario que en la fecha del fallecimiento siguiese casado, pudiendo estar divorciado o separado judicialmente); 2) Si la causa de la muerte del c\u00f3nyuge fallecido se debe a una enfermedad com\u00fan, se exige que \u00e9ste estuviese en situaci\u00f3n de alta en la Seguridad Social o asimilada, y haber cotizado como m\u00ednimo 500 d\u00edas dentro de los 5 a\u00f1os anteriores al fallecimiento.<\/p>\n<p>No obstante, si la causa de la muerte no se debe a una enfermedad com\u00fan no se exige ning\u00fan periodo de cotizaci\u00f3n.<\/p>\n<p>Como regla general, la cuant\u00eda de la pensi\u00f3n de viudedad ser\u00e1 el 45 por 100 de la base reguladora del c\u00f3nyuge fallecido. Sin embargo, la Ley establece una cantidad m\u00ednima que varia en funci\u00f3n de la edad, cargas e ingresos del c\u00f3nyuge viudo\/a y que se revaloriza anualmente.<\/p>\n<p>Por otro lado, la pensi\u00f3n de viudedad se podr\u00e1 incrementar entre un 30 o un 50 por 100 si la causa de la muerte se debiese a un accidente de trabajo o enfermedad profesional.<\/p>\n<p>Tambi\u00e9n es importante destacar que en caso de que el fallecido hubiese estado separado judicialmente o divorciado, la pensi\u00f3n que corresponda deber\u00e1 repartirse entre el c\u00f3nyuge y exc\u00f3nyuges sobrevivientes en proporci\u00f3n con el tiempo convivido con el fallecido.<\/p>\n<p>La pensi\u00f3n de viudedad es perfectamente COMPATIBLE con cualquier pensi\u00f3n por incapacidad permanente o jubilaci\u00f3n, siendo \u00fanicamente incompatible con la pensi\u00f3n del extinguido S.O.V.I.<\/p>\n<p>Esta pensi\u00f3n es vitalicia, pero se extingue si el c\u00f3nyuge viudo contrae nuevo matrimonio. No obstante, en caso de que el c\u00f3nyuge viudo\/a contrajese nuevo matrimonio antes de cumplir 60 a\u00f1os, tiene derecho a percibir 24 mensualidades de la pensi\u00f3n, con las pagas extraordinarias que le correspondiesen.<\/p>\n","protected":false},"excerpt":{"rendered":"<p>La Seguridad Social prev\u00e9 toda una serie de prestaciones dirigidas a procurar medios de subsistencia a quienes depend\u00edan econ\u00f3micamente de un trabajador fallecido; \u00e9stas son las prestaciones por muerte y supervivencia. Dentro de este grupo de prestaciones se encuentra la pensi\u00f3n vitalicia por viudedad de la que ser\u00e1 beneficiario el c\u00f3nyuge superviviente. Para poder ser [&hellip;]<\/p>\n","protected":false},"author":2,"featured_media":1463,"comment_status":"open","ping_status":"open","sticky":false,"template":"","format":"standard","meta":[],"categories":[2],"tags":[],"yoast_head":"<!-- This site is optimized with the Yoast SEO plugin v16.7 - https:\/\/yoast.com\/wordpress\/plugins\/seo\/ -->\n<title>La pensi\u00f3n de viudedad - Gabinete<\/title>\n<meta name=\"robots\" content=\"index, follow, max-snippet:-1, max-image-preview:large, max-video-preview:-1\" \/>\n<link rel=\"canonical\" href=\"https:\/\/gabinete.net\/es\/la-pension-de-viudedad\/\" \/>\n<meta property=\"og:locale\" content=\"es_ES\" \/>\n<meta property=\"og:type\" content=\"article\" \/>\n<meta property=\"og:title\" content=\"La pensi\u00f3n de viudedad - Gabinete\" \/>\n<meta property=\"og:description\" content=\"La Seguridad Social prev\u00e9 toda una serie de prestaciones dirigidas a procurar medios de subsistencia a quienes depend\u00edan econ\u00f3micamente de un trabajador fallecido; \u00e9stas son las prestaciones por muerte y supervivencia. Dentro de este grupo de prestaciones se encuentra la pensi\u00f3n vitalicia por viudedad de la que ser\u00e1 beneficiario el c\u00f3nyuge superviviente. Para poder ser [&hellip;]\" \/>\n<meta property=\"og:url\" content=\"https:\/\/gabinete.net\/es\/la-pension-de-viudedad\/\" \/>\n<meta property=\"og:site_name\" content=\"Gabinete\" \/>\n<meta property=\"article:publisher\" content=\"https:\/\/www.facebook.com\/Gabinete-Jur%c3%addico-Hern%c3%a1ndez-Vicente-SL-850104825098234\/\" \/>\n<meta property=\"article:published_time\" content=\"2016-06-15T08:02:58+00:00\" \/>\n<meta property=\"article:modified_time\" content=\"2020-03-24T06:53:33+00:00\" \/>\n<meta property=\"og:image\" content=\"https:\/\/gabinete.net\/wp-content\/uploads\/2020\/03\/PENSION_VIUDEDAD.jpg\" \/>\n\t<meta property=\"og:image:width\" content=\"500\" \/>\n\t<meta property=\"og:image:height\" content=\"500\" \/>\n<meta name=\"twitter:card\" content=\"summary_large_image\" \/>\n<meta name=\"twitter:label1\" content=\"Escrito por\" \/>\n\t<meta name=\"twitter:data1\" content=\"Hern\u00e1ndez &amp; Vicente\" \/>\n\t<meta name=\"twitter:label2\" content=\"Tiempo de lectura\" \/>\n\t<meta name=\"twitter:data2\" content=\"2 minutos\" \/>\n<script type=\"application\/ld+json\" class=\"yoast-schema-graph\">{\"@context\":\"https:\/\/schema.org\",\"@graph\":[{\"@type\":\"WebSite\",\"@id\":\"https:\/\/gabinete.net\/#website\",\"url\":\"https:\/\/gabinete.net\/\",\"name\":\"Gabinete\",\"description\":\"Otro sitio realizado con WordPress\",\"potentialAction\":[{\"@type\":\"SearchAction\",\"target\":{\"@type\":\"EntryPoint\",\"urlTemplate\":\"https:\/\/gabinete.net\/?s={search_term_string}\"},\"query-input\":\"required name=search_term_string\"}],\"inLanguage\":\"es\"},{\"@type\":\"ImageObject\",\"@id\":\"https:\/\/gabinete.net\/es\/la-pension-de-viudedad\/#primaryimage\",\"inLanguage\":\"es\",\"url\":\"https:\/\/gabinete.net\/wp-content\/uploads\/2020\/03\/PENSION_VIUDEDAD.jpg\",\"contentUrl\":\"https:\/\/gabinete.net\/wp-content\/uploads\/2020\/03\/PENSION_VIUDEDAD.jpg\",\"width\":500,\"height\":500},{\"@type\":\"WebPage\",\"@id\":\"https:\/\/gabinete.net\/es\/la-pension-de-viudedad\/#webpage\",\"url\":\"https:\/\/gabinete.net\/es\/la-pension-de-viudedad\/\",\"name\":\"La pensi\\u00f3n de viudedad - Gabinete\",\"isPartOf\":{\"@id\":\"https:\/\/gabinete.net\/#website\"},\"primaryImageOfPage\":{\"@id\":\"https:\/\/gabinete.net\/es\/la-pension-de-viudedad\/#primaryimage\"},\"datePublished\":\"2016-06-15T08:02:58+00:00\",\"dateModified\":\"2020-03-24T06:53:33+00:00\",\"author\":{\"@id\":\"https:\/\/gabinete.net\/#\/schema\/person\/114c7f352df189fa1740c59e1aaf399b\"},\"breadcrumb\":{\"@id\":\"https:\/\/gabinete.net\/es\/la-pension-de-viudedad\/#breadcrumb\"},\"inLanguage\":\"es\",\"potentialAction\":[{\"@type\":\"ReadAction\",\"target\":[\"https:\/\/gabinete.net\/es\/la-pension-de-viudedad\/\"]}]},{\"@type\":\"BreadcrumbList\",\"@id\":\"https:\/\/gabinete.net\/es\/la-pension-de-viudedad\/#breadcrumb\",\"itemListElement\":[{\"@type\":\"ListItem\",\"position\":1,\"name\":\"Inici\",\"item\":\"https:\/\/gabinete.net\/es\/\"},{\"@type\":\"ListItem\",\"position\":2,\"name\":\"La pensi\\u00f3n de viudedad\"}]},{\"@type\":\"Person\",\"@id\":\"https:\/\/gabinete.net\/#\/schema\/person\/114c7f352df189fa1740c59e1aaf399b\",\"name\":\"Hern\\u00e1ndez &amp; Vicente\",\"image\":{\"@type\":\"ImageObject\",\"@id\":\"https:\/\/gabinete.net\/#personlogo\",\"inLanguage\":\"es\",\"url\":\"https:\/\/secure.gravatar.com\/avatar\/7c27f531a5f0b8b61666ba5c046c2c31?s=96&d=mm&r=g\",\"contentUrl\":\"https:\/\/secure.gravatar.com\/avatar\/7c27f531a5f0b8b61666ba5c046c2c31?s=96&d=mm&r=g\",\"caption\":\"Hern\\u00e1ndez &amp; Vicente\"}}]}<\/script>\n<!-- \/ Yoast SEO plugin. -->","yoast_head_json":{"title":"La pensi\u00f3n de viudedad - Gabinete","robots":{"index":"index","follow":"follow","max-snippet":"max-snippet:-1","max-image-preview":"max-image-preview:large","max-video-preview":"max-video-preview:-1"},"canonical":"https:\/\/gabinete.net\/es\/la-pension-de-viudedad\/","og_locale":"es_ES","og_type":"article","og_title":"La pensi\u00f3n de viudedad - Gabinete","og_description":"La Seguridad Social prev\u00e9 toda una serie de prestaciones dirigidas a procurar medios de subsistencia a quienes depend\u00edan econ\u00f3micamente de un trabajador fallecido; \u00e9stas son las prestaciones por muerte y supervivencia. Dentro de este grupo de prestaciones se encuentra la pensi\u00f3n vitalicia por viudedad de la que ser\u00e1 beneficiario el c\u00f3nyuge superviviente. Para poder ser [&hellip;]","og_url":"https:\/\/gabinete.net\/es\/la-pension-de-viudedad\/","og_site_name":"Gabinete","article_publisher":"https:\/\/www.facebook.com\/Gabinete-Jur%c3%addico-Hern%c3%a1ndez-Vicente-SL-850104825098234\/","article_published_time":"2016-06-15T08:02:58+00:00","article_modified_time":"2020-03-24T06:53:33+00:00","og_image":[{"width":500,"height":500,"url":"https:\/\/gabinete.net\/wp-content\/uploads\/2020\/03\/PENSION_VIUDEDAD.jpg","path":"\/home\/gabinetevp\/www\/wp-content\/uploads\/2020\/03\/PENSION_VIUDEDAD.jpg","size":"full","id":1463,"alt":"","pixels":250000,"type":"image\/jpeg"}],"twitter_card":"summary_large_image","twitter_misc":{"Escrito por":"Hern\u00e1ndez &amp; Vicente","Tiempo de lectura":"2 minutos"},"schema":{"@context":"https:\/\/schema.org","@graph":[{"@type":"WebSite","@id":"https:\/\/gabinete.net\/#website","url":"https:\/\/gabinete.net\/","name":"Gabinete","description":"Otro sitio realizado con WordPress","potentialAction":[{"@type":"SearchAction","target":{"@type":"EntryPoint","urlTemplate":"https:\/\/gabinete.net\/?s={search_term_string}"},"query-input":"required name=search_term_string"}],"inLanguage":"es"},{"@type":"ImageObject","@id":"https:\/\/gabinete.net\/es\/la-pension-de-viudedad\/#primaryimage","inLanguage":"es","url":"https:\/\/gabinete.net\/wp-content\/uploads\/2020\/03\/PENSION_VIUDEDAD.jpg","contentUrl":"https:\/\/gabinete.net\/wp-content\/uploads\/2020\/03\/PENSION_VIUDEDAD.jpg","width":500,"height":500},{"@type":"WebPage","@id":"https:\/\/gabinete.net\/es\/la-pension-de-viudedad\/#webpage","url":"https:\/\/gabinete.net\/es\/la-pension-de-viudedad\/","name":"La pensi\u00f3n de viudedad - Gabinete","isPartOf":{"@id":"https:\/\/gabinete.net\/#website"},"primaryImageOfPage":{"@id":"https:\/\/gabinete.net\/es\/la-pension-de-viudedad\/#primaryimage"},"datePublished":"2016-06-15T08:02:58+00:00","dateModified":"2020-03-24T06:53:33+00:00","author":{"@id":"https:\/\/gabinete.net\/#\/schema\/person\/114c7f352df189fa1740c59e1aaf399b"},"breadcrumb":{"@id":"https:\/\/gabinete.net\/es\/la-pension-de-viudedad\/#breadcrumb"},"inLanguage":"es","potentialAction":[{"@type":"ReadAction","target":["https:\/\/gabinete.net\/es\/la-pension-de-viudedad\/"]}]},{"@type":"BreadcrumbList","@id":"https:\/\/gabinete.net\/es\/la-pension-de-viudedad\/#breadcrumb","itemListElement":[{"@type":"ListItem","position":1,"name":"Inici","item":"https:\/\/gabinete.net\/es\/"},{"@type":"ListItem","position":2,"name":"La pensi\u00f3n de viudedad"}]},{"@type":"Person","@id":"https:\/\/gabinete.net\/#\/schema\/person\/114c7f352df189fa1740c59e1aaf399b","name":"Hern\u00e1ndez &amp; Vicente","image":{"@type":"ImageObject","@id":"https:\/\/gabinete.net\/#personlogo","inLanguage":"es","url":"https:\/\/secure.gravatar.com\/avatar\/7c27f531a5f0b8b61666ba5c046c2c31?s=96&d=mm&r=g","contentUrl":"https:\/\/secure.gravatar.com\/avatar\/7c27f531a5f0b8b61666ba5c046c2c31?s=96&d=mm&r=g","caption":"Hern\u00e1ndez &amp; Vicente"}}]}},"_links":{"self":[{"href":"https:\/\/gabinete.net\/es\/wp-json\/wp\/v2\/posts\/393"}],"collection":[{"href":"https:\/\/gabinete.net\/es\/wp-json\/wp\/v2\/posts"}],"about":[{"href":"https:\/\/gabinete.net\/es\/wp-json\/wp\/v2\/types\/post"}],"author":[{"embeddable":true,"href":"https:\/\/gabinete.net\/es\/wp-json\/wp\/v2\/users\/2"}],"replies":[{"embeddable":true,"href":"https:\/\/gabinete.net\/es\/wp-json\/wp\/v2\/comments?post=393"}],"version-history":[{"count":1,"href":"https:\/\/gabinete.net\/es\/wp-json\/wp\/v2\/posts\/393\/revisions"}],"predecessor-version":[{"id":1796,"href":"https:\/\/gabinete.net\/es\/wp-json\/wp\/v2\/posts\/393\/revisions\/1796"}],"wp:featuredmedia":[{"embeddable":true,"href":"https:\/\/gabinete.net\/es\/wp-json\/wp\/v2\/media\/1463"}],"wp:attachment":[{"href":"https:\/\/gabinete.net\/es\/wp-json\/wp\/v2\/media?parent=393"}],"wp:term":[{"taxonomy":"category","embeddable":true,"href":"https:\/\/gabinete.net\/es\/wp-json\/wp\/v2\/categories?post=393"},{"taxonomy":"post_tag","embeddable":true,"href":"https:\/\/gabinete.net\/es\/wp-json\/wp\/v2\/tags?post=393"}],"curies":[{"name":"wp","href":"https:\/\/api.w.org\/{rel}","templated":true}]}}