{"id":501,"date":"2016-10-04T15:01:23","date_gmt":"2016-10-04T15:01:23","guid":{"rendered":"https:\/\/gabinete.net\/es\/?p=501"},"modified":"2020-03-24T06:46:19","modified_gmt":"2020-03-24T06:46:19","slug":"pension-alimentos-favor-los-hijos-menores","status":"publish","type":"post","link":"https:\/\/gabinete.net\/es\/pension-alimentos-favor-los-hijos-menores\/","title":{"rendered":"La pensi\u00f3n de alimentos a favor de los hijos menores"},"content":{"rendered":"<p>Cuando se da una situaci\u00f3n de ruptura matrimonial y hay hijos menores implicados debemos tener en cuenta el inter\u00e9s superior del menor, que incluye el derecho de \u00e9ste a recibir una pensi\u00f3n de alimentos por parte del progenitor. Los alimentos se regulan en el art\u00edculo 237-1 y siguiente del C\u00f3digo Civil de Catalu\u00f1a y se entiende que son alimentos todo aquello indispensable para mantener el alojamiento, la comida, el vestir, la asistencia m\u00e9dica y los gastos de formaci\u00f3n del menor. El obligado a pagar estos alimentos es, generalmente, el progenitor que no ostente la guardia y custodia y, ha de reclamarlos la persona que represente legalmente al menor, que normalmente ser\u00e1 el progenitor que si la ostente. El derecho al alimento nace en el momento que se necesite y, aunque de forma general no se pueda pedir los alimentos anteriores a la reclamaci\u00f3n judicial, si que se permite hacerlo en el caso de los menores si la reclamaci\u00f3n no se pudo hacer debido a una causa imputable a la persona obligada. El pago se har\u00e1 en dinero y la cantidad se determinar\u00e1 en proporci\u00f3n teniendo en cuenta las necesidades del menor y las posibilidades de la persona obligada a donarlos. Los alimentos podr\u00e1n modificarse si cambian las circunstancias del menor y tambi\u00e9n puedes extinguirse por diversas causas entre las que se pueden citar la muerte del alimentado o del obligado, la ausencia de rendas del obligado para poder pagar los alimentos o la mejora de las condiciones de vida del alimentado, de forma que no le sea necesario recibirlos<\/p>\n","protected":false},"excerpt":{"rendered":"<p>Cuando se da una situaci\u00f3n de ruptura matrimonial y hay hijos menores implicados debemos tener en cuenta el inter\u00e9s superior del menor, que incluye el derecho de \u00e9ste a recibir una pensi\u00f3n de alimentos por parte del progenitor. Los alimentos se regulan en el art\u00edculo 237-1 y siguiente del C\u00f3digo Civil de Catalu\u00f1a y se [&hellip;]<\/p>\n","protected":false},"author":2,"featured_media":1479,"comment_status":"open","ping_status":"open","sticky":false,"template":"","format":"standard","meta":[],"categories":[1,2],"tags":[],"yoast_head":"<!-- This site is optimized with the Yoast SEO plugin v16.7 - https:\/\/yoast.com\/wordpress\/plugins\/seo\/ -->\n<title>La pensi\u00f3n de alimentos a favor de los hijos menores - Gabinete<\/title>\n<meta name=\"robots\" content=\"index, follow, max-snippet:-1, max-image-preview:large, max-video-preview:-1\" \/>\n<link rel=\"canonical\" href=\"https:\/\/gabinete.net\/es\/pension-alimentos-favor-los-hijos-menores\/\" \/>\n<meta property=\"og:locale\" content=\"es_ES\" \/>\n<meta property=\"og:type\" content=\"article\" \/>\n<meta property=\"og:title\" content=\"La pensi\u00f3n de alimentos a favor de los hijos menores - Gabinete\" \/>\n<meta property=\"og:description\" content=\"Cuando se da una situaci\u00f3n de ruptura matrimonial y hay hijos menores implicados debemos tener en cuenta el inter\u00e9s superior del menor, que incluye el derecho de \u00e9ste a recibir una pensi\u00f3n de alimentos por parte del progenitor. Los alimentos se regulan en el art\u00edculo 237-1 y siguiente del C\u00f3digo Civil de Catalu\u00f1a y se [&hellip;]\" \/>\n<meta property=\"og:url\" content=\"https:\/\/gabinete.net\/es\/pension-alimentos-favor-los-hijos-menores\/\" \/>\n<meta property=\"og:site_name\" content=\"Gabinete\" \/>\n<meta property=\"article:publisher\" content=\"https:\/\/www.facebook.com\/Gabinete-Jur%c3%addico-Hern%c3%a1ndez-Vicente-SL-850104825098234\/\" \/>\n<meta property=\"article:published_time\" content=\"2016-10-04T15:01:23+00:00\" \/>\n<meta property=\"article:modified_time\" content=\"2020-03-24T06:46:19+00:00\" \/>\n<meta property=\"og:image\" content=\"https:\/\/gabinete.net\/wp-content\/uploads\/2020\/03\/web_pensio-daliments.jpg\" \/>\n\t<meta property=\"og:image:width\" content=\"500\" \/>\n\t<meta property=\"og:image:height\" content=\"500\" \/>\n<meta name=\"twitter:card\" content=\"summary_large_image\" \/>\n<meta name=\"twitter:label1\" content=\"Escrito por\" \/>\n\t<meta name=\"twitter:data1\" content=\"Hern\u00e1ndez &amp; Vicente\" \/>\n\t<meta name=\"twitter:label2\" content=\"Tiempo de lectura\" \/>\n\t<meta name=\"twitter:data2\" content=\"1 minuto\" \/>\n<script type=\"application\/ld+json\" class=\"yoast-schema-graph\">{\"@context\":\"https:\/\/schema.org\",\"@graph\":[{\"@type\":\"WebSite\",\"@id\":\"https:\/\/gabinete.net\/#website\",\"url\":\"https:\/\/gabinete.net\/\",\"name\":\"Gabinete\",\"description\":\"Otro sitio realizado con WordPress\",\"potentialAction\":[{\"@type\":\"SearchAction\",\"target\":{\"@type\":\"EntryPoint\",\"urlTemplate\":\"https:\/\/gabinete.net\/?s={search_term_string}\"},\"query-input\":\"required name=search_term_string\"}],\"inLanguage\":\"es\"},{\"@type\":\"ImageObject\",\"@id\":\"https:\/\/gabinete.net\/es\/pension-alimentos-favor-los-hijos-menores\/#primaryimage\",\"inLanguage\":\"es\",\"url\":\"https:\/\/gabinete.net\/wp-content\/uploads\/2020\/03\/web_pensio-daliments.jpg\",\"contentUrl\":\"https:\/\/gabinete.net\/wp-content\/uploads\/2020\/03\/web_pensio-daliments.jpg\",\"width\":500,\"height\":500},{\"@type\":\"WebPage\",\"@id\":\"https:\/\/gabinete.net\/es\/pension-alimentos-favor-los-hijos-menores\/#webpage\",\"url\":\"https:\/\/gabinete.net\/es\/pension-alimentos-favor-los-hijos-menores\/\",\"name\":\"La pensi\\u00f3n de alimentos a favor de los hijos menores - Gabinete\",\"isPartOf\":{\"@id\":\"https:\/\/gabinete.net\/#website\"},\"primaryImageOfPage\":{\"@id\":\"https:\/\/gabinete.net\/es\/pension-alimentos-favor-los-hijos-menores\/#primaryimage\"},\"datePublished\":\"2016-10-04T15:01:23+00:00\",\"dateModified\":\"2020-03-24T06:46:19+00:00\",\"author\":{\"@id\":\"https:\/\/gabinete.net\/#\/schema\/person\/114c7f352df189fa1740c59e1aaf399b\"},\"breadcrumb\":{\"@id\":\"https:\/\/gabinete.net\/es\/pension-alimentos-favor-los-hijos-menores\/#breadcrumb\"},\"inLanguage\":\"es\",\"potentialAction\":[{\"@type\":\"ReadAction\",\"target\":[\"https:\/\/gabinete.net\/es\/pension-alimentos-favor-los-hijos-menores\/\"]}]},{\"@type\":\"BreadcrumbList\",\"@id\":\"https:\/\/gabinete.net\/es\/pension-alimentos-favor-los-hijos-menores\/#breadcrumb\",\"itemListElement\":[{\"@type\":\"ListItem\",\"position\":1,\"name\":\"Inici\",\"item\":\"https:\/\/gabinete.net\/es\/\"},{\"@type\":\"ListItem\",\"position\":2,\"name\":\"La pensi\\u00f3n de alimentos a favor de los hijos menores\"}]},{\"@type\":\"Person\",\"@id\":\"https:\/\/gabinete.net\/#\/schema\/person\/114c7f352df189fa1740c59e1aaf399b\",\"name\":\"Hern\\u00e1ndez &amp; Vicente\",\"image\":{\"@type\":\"ImageObject\",\"@id\":\"https:\/\/gabinete.net\/#personlogo\",\"inLanguage\":\"es\",\"url\":\"https:\/\/secure.gravatar.com\/avatar\/7c27f531a5f0b8b61666ba5c046c2c31?s=96&d=mm&r=g\",\"contentUrl\":\"https:\/\/secure.gravatar.com\/avatar\/7c27f531a5f0b8b61666ba5c046c2c31?s=96&d=mm&r=g\",\"caption\":\"Hern\\u00e1ndez &amp; Vicente\"}}]}<\/script>\n<!-- \/ Yoast SEO plugin. -->","yoast_head_json":{"title":"La pensi\u00f3n de alimentos a favor de los hijos menores - Gabinete","robots":{"index":"index","follow":"follow","max-snippet":"max-snippet:-1","max-image-preview":"max-image-preview:large","max-video-preview":"max-video-preview:-1"},"canonical":"https:\/\/gabinete.net\/es\/pension-alimentos-favor-los-hijos-menores\/","og_locale":"es_ES","og_type":"article","og_title":"La pensi\u00f3n de alimentos a favor de los hijos menores - Gabinete","og_description":"Cuando se da una situaci\u00f3n de ruptura matrimonial y hay hijos menores implicados debemos tener en cuenta el inter\u00e9s superior del menor, que incluye el derecho de \u00e9ste a recibir una pensi\u00f3n de alimentos por parte del progenitor. Los alimentos se regulan en el art\u00edculo 237-1 y siguiente del C\u00f3digo Civil de Catalu\u00f1a y se [&hellip;]","og_url":"https:\/\/gabinete.net\/es\/pension-alimentos-favor-los-hijos-menores\/","og_site_name":"Gabinete","article_publisher":"https:\/\/www.facebook.com\/Gabinete-Jur%c3%addico-Hern%c3%a1ndez-Vicente-SL-850104825098234\/","article_published_time":"2016-10-04T15:01:23+00:00","article_modified_time":"2020-03-24T06:46:19+00:00","og_image":[{"width":500,"height":500,"url":"https:\/\/gabinete.net\/wp-content\/uploads\/2020\/03\/web_pensio-daliments.jpg","path":"\/home\/gabinetevp\/www\/wp-content\/uploads\/2020\/03\/web_pensio-daliments.jpg","size":"full","id":1479,"alt":"","pixels":250000,"type":"image\/jpeg"}],"twitter_card":"summary_large_image","twitter_misc":{"Escrito por":"Hern\u00e1ndez &amp; Vicente","Tiempo de lectura":"1 minuto"},"schema":{"@context":"https:\/\/schema.org","@graph":[{"@type":"WebSite","@id":"https:\/\/gabinete.net\/#website","url":"https:\/\/gabinete.net\/","name":"Gabinete","description":"Otro sitio realizado con WordPress","potentialAction":[{"@type":"SearchAction","target":{"@type":"EntryPoint","urlTemplate":"https:\/\/gabinete.net\/?s={search_term_string}"},"query-input":"required name=search_term_string"}],"inLanguage":"es"},{"@type":"ImageObject","@id":"https:\/\/gabinete.net\/es\/pension-alimentos-favor-los-hijos-menores\/#primaryimage","inLanguage":"es","url":"https:\/\/gabinete.net\/wp-content\/uploads\/2020\/03\/web_pensio-daliments.jpg","contentUrl":"https:\/\/gabinete.net\/wp-content\/uploads\/2020\/03\/web_pensio-daliments.jpg","width":500,"height":500},{"@type":"WebPage","@id":"https:\/\/gabinete.net\/es\/pension-alimentos-favor-los-hijos-menores\/#webpage","url":"https:\/\/gabinete.net\/es\/pension-alimentos-favor-los-hijos-menores\/","name":"La pensi\u00f3n de alimentos a favor de los hijos menores - Gabinete","isPartOf":{"@id":"https:\/\/gabinete.net\/#website"},"primaryImageOfPage":{"@id":"https:\/\/gabinete.net\/es\/pension-alimentos-favor-los-hijos-menores\/#primaryimage"},"datePublished":"2016-10-04T15:01:23+00:00","dateModified":"2020-03-24T06:46:19+00:00","author":{"@id":"https:\/\/gabinete.net\/#\/schema\/person\/114c7f352df189fa1740c59e1aaf399b"},"breadcrumb":{"@id":"https:\/\/gabinete.net\/es\/pension-alimentos-favor-los-hijos-menores\/#breadcrumb"},"inLanguage":"es","potentialAction":[{"@type":"ReadAction","target":["https:\/\/gabinete.net\/es\/pension-alimentos-favor-los-hijos-menores\/"]}]},{"@type":"BreadcrumbList","@id":"https:\/\/gabinete.net\/es\/pension-alimentos-favor-los-hijos-menores\/#breadcrumb","itemListElement":[{"@type":"ListItem","position":1,"name":"Inici","item":"https:\/\/gabinete.net\/es\/"},{"@type":"ListItem","position":2,"name":"La pensi\u00f3n de alimentos a favor de los hijos menores"}]},{"@type":"Person","@id":"https:\/\/gabinete.net\/#\/schema\/person\/114c7f352df189fa1740c59e1aaf399b","name":"Hern\u00e1ndez &amp; Vicente","image":{"@type":"ImageObject","@id":"https:\/\/gabinete.net\/#personlogo","inLanguage":"es","url":"https:\/\/secure.gravatar.com\/avatar\/7c27f531a5f0b8b61666ba5c046c2c31?s=96&d=mm&r=g","contentUrl":"https:\/\/secure.gravatar.com\/avatar\/7c27f531a5f0b8b61666ba5c046c2c31?s=96&d=mm&r=g","caption":"Hern\u00e1ndez &amp; Vicente"}}]}},"_links":{"self":[{"href":"https:\/\/gabinete.net\/es\/wp-json\/wp\/v2\/posts\/501"}],"collection":[{"href":"https:\/\/gabinete.net\/es\/wp-json\/wp\/v2\/posts"}],"about":[{"href":"https:\/\/gabinete.net\/es\/wp-json\/wp\/v2\/types\/post"}],"author":[{"embeddable":true,"href":"https:\/\/gabinete.net\/es\/wp-json\/wp\/v2\/users\/2"}],"replies":[{"embeddable":true,"href":"https:\/\/gabinete.net\/es\/wp-json\/wp\/v2\/comments?post=501"}],"version-history":[{"count":1,"href":"https:\/\/gabinete.net\/es\/wp-json\/wp\/v2\/posts\/501\/revisions"}],"predecessor-version":[{"id":1761,"href":"https:\/\/gabinete.net\/es\/wp-json\/wp\/v2\/posts\/501\/revisions\/1761"}],"wp:featuredmedia":[{"embeddable":true,"href":"https:\/\/gabinete.net\/es\/wp-json\/wp\/v2\/media\/1479"}],"wp:attachment":[{"href":"https:\/\/gabinete.net\/es\/wp-json\/wp\/v2\/media?parent=501"}],"wp:term":[{"taxonomy":"category","embeddable":true,"href":"https:\/\/gabinete.net\/es\/wp-json\/wp\/v2\/categories?post=501"},{"taxonomy":"post_tag","embeddable":true,"href":"https:\/\/gabinete.net\/es\/wp-json\/wp\/v2\/tags?post=501"}],"curies":[{"name":"wp","href":"https:\/\/api.w.org\/{rel}","templated":true}]}}