{"id":578,"date":"2016-11-28T12:32:37","date_gmt":"2016-11-28T12:32:37","guid":{"rendered":"https:\/\/gabinete.net\/es\/?p=578"},"modified":"2020-03-24T06:38:34","modified_gmt":"2020-03-24T06:38:34","slug":"retrasos-y-cancelaciones-vuelos-derechos-pasajero","status":"publish","type":"post","link":"https:\/\/gabinete.net\/es\/retrasos-y-cancelaciones-vuelos-derechos-pasajero\/","title":{"rendered":"Retrasos y cancelaciones de vuelos. Derechos del pasajero"},"content":{"rendered":"<p>El avi\u00f3n es el medio de transporte m\u00e1s seguro y r\u00e1pido del mundo pero tambi\u00e9n sufre problemas y los m\u00e1s comunes que suelen sufrir los pasajeros son el retraso y, aunque menos frecuente, la cancelaci\u00f3n del vuelo.<\/p>\n<p>Es importante conocer el Reglamento 261\/2004 del Parlamento Europeo, que establece unas normas comunes sobre compensaci\u00f3n y asistencia a los pasajeros a\u00e9reos que se ven inmersos en situaciones como las anteriores.<\/p>\n<p>Cabe destacar la diferencia entre una cancelaci\u00f3n de vuelo y un retraso, en la medida que el retraso implica salir en el mismo avi\u00f3n y con el mismo plan de vuelo, aunque sea con un gran n\u00famero de horas de diferencia y la cancelaci\u00f3n se entiende como la no realizaci\u00f3n de un vuelo programado.<\/p>\n<p>La diferencia es fundamental, pues la cancelaci\u00f3n otorga m\u00e1s derechos a los pasajeros, entre ellos el derecho a compensaci\u00f3n econ\u00f3mica.<\/p>\n<p>Ante un retraso, dependiendo del tiempo de espera, el pasajero tiene derecho al reembolso del billete, as\u00ed como a que se le ofrezcan alimentos y la posibilidad de realizar dos llamadas y\/o enviar un fax o email, todo ello de forma gratuita. En caso de pernocta, la compa\u00f1\u00eda debe buscarle alojamiento en un hotel y a poner un servicio de transporte para llegar al aeropuerto.<\/p>\n<p>En la cancelaci\u00f3n, adem\u00e1s de los derechos anteriores, el pasajero cuenta con la posibilidad de ser compensado econ\u00f3micamente, compensaci\u00f3n que puede llegar a los 600 euros.<\/p>\n<p>La gran duda es: \u00bftiene derecho a compensaci\u00f3n un pasajero que sufre un gran retraso, por ejemplo de 24 horas, pero con el mismo plan de vuelo? En principio, al no tratarse de una cancelaci\u00f3n, no. No obstante, el Tribunal de Justicia de las Comunidades Europeas tiende a equiparar estas situaciones de grandes retrasos a las de cancelaci\u00f3n, otorgando a los afectados el derecho a compensaci\u00f3n.<\/p>\n","protected":false},"excerpt":{"rendered":"<p>El avi\u00f3n es el medio de transporte m\u00e1s seguro y r\u00e1pido del mundo pero tambi\u00e9n sufre problemas y los m\u00e1s comunes que suelen sufrir los pasajeros son el retraso y, aunque menos frecuente, la cancelaci\u00f3n del vuelo. Es importante conocer el Reglamento 261\/2004 del Parlamento Europeo, que establece unas normas comunes sobre compensaci\u00f3n y asistencia [&hellip;]<\/p>\n","protected":false},"author":2,"featured_media":1443,"comment_status":"open","ping_status":"open","sticky":false,"template":"","format":"standard","meta":[],"categories":[1,4],"tags":[],"yoast_head":"<!-- This site is optimized with the Yoast SEO plugin v16.7 - https:\/\/yoast.com\/wordpress\/plugins\/seo\/ -->\n<title>Retrasos y cancelaciones de vuelos. Derechos del pasajero - Gabinete<\/title>\n<meta name=\"robots\" content=\"index, follow, max-snippet:-1, max-image-preview:large, max-video-preview:-1\" \/>\n<link rel=\"canonical\" href=\"https:\/\/gabinete.net\/es\/retrasos-y-cancelaciones-vuelos-derechos-pasajero\/\" \/>\n<meta property=\"og:locale\" content=\"es_ES\" \/>\n<meta property=\"og:type\" content=\"article\" \/>\n<meta property=\"og:title\" content=\"Retrasos y cancelaciones de vuelos. Derechos del pasajero - Gabinete\" \/>\n<meta property=\"og:description\" content=\"El avi\u00f3n es el medio de transporte m\u00e1s seguro y r\u00e1pido del mundo pero tambi\u00e9n sufre problemas y los m\u00e1s comunes que suelen sufrir los pasajeros son el retraso y, aunque menos frecuente, la cancelaci\u00f3n del vuelo. Es importante conocer el Reglamento 261\/2004 del Parlamento Europeo, que establece unas normas comunes sobre compensaci\u00f3n y asistencia [&hellip;]\" \/>\n<meta property=\"og:url\" content=\"https:\/\/gabinete.net\/es\/retrasos-y-cancelaciones-vuelos-derechos-pasajero\/\" \/>\n<meta property=\"og:site_name\" content=\"Gabinete\" \/>\n<meta property=\"article:publisher\" content=\"https:\/\/www.facebook.com\/Gabinete-Jur%c3%addico-Hern%c3%a1ndez-Vicente-SL-850104825098234\/\" \/>\n<meta property=\"article:published_time\" content=\"2016-11-28T12:32:37+00:00\" \/>\n<meta property=\"article:modified_time\" content=\"2020-03-24T06:38:34+00:00\" \/>\n<meta property=\"og:image\" content=\"https:\/\/gabinete.net\/wp-content\/uploads\/2020\/03\/foto4-1030x684.jpg\" \/>\n\t<meta property=\"og:image:width\" content=\"1030\" \/>\n\t<meta property=\"og:image:height\" content=\"684\" \/>\n<meta name=\"twitter:card\" content=\"summary_large_image\" \/>\n<meta name=\"twitter:label1\" content=\"Escrito por\" \/>\n\t<meta name=\"twitter:data1\" content=\"Hern\u00e1ndez &amp; Vicente\" \/>\n\t<meta name=\"twitter:label2\" content=\"Tiempo de lectura\" \/>\n\t<meta name=\"twitter:data2\" content=\"2 minutos\" \/>\n<script type=\"application\/ld+json\" class=\"yoast-schema-graph\">{\"@context\":\"https:\/\/schema.org\",\"@graph\":[{\"@type\":\"WebSite\",\"@id\":\"https:\/\/gabinete.net\/#website\",\"url\":\"https:\/\/gabinete.net\/\",\"name\":\"Gabinete\",\"description\":\"Otro sitio realizado con WordPress\",\"potentialAction\":[{\"@type\":\"SearchAction\",\"target\":{\"@type\":\"EntryPoint\",\"urlTemplate\":\"https:\/\/gabinete.net\/?s={search_term_string}\"},\"query-input\":\"required name=search_term_string\"}],\"inLanguage\":\"es\"},{\"@type\":\"ImageObject\",\"@id\":\"https:\/\/gabinete.net\/es\/retrasos-y-cancelaciones-vuelos-derechos-pasajero\/#primaryimage\",\"inLanguage\":\"es\",\"url\":\"https:\/\/gabinete.net\/wp-content\/uploads\/2020\/03\/foto4.jpg\",\"contentUrl\":\"https:\/\/gabinete.net\/wp-content\/uploads\/2020\/03\/foto4.jpg\",\"width\":2560,\"height\":1700},{\"@type\":\"WebPage\",\"@id\":\"https:\/\/gabinete.net\/es\/retrasos-y-cancelaciones-vuelos-derechos-pasajero\/#webpage\",\"url\":\"https:\/\/gabinete.net\/es\/retrasos-y-cancelaciones-vuelos-derechos-pasajero\/\",\"name\":\"Retrasos y cancelaciones de vuelos. Derechos del pasajero - Gabinete\",\"isPartOf\":{\"@id\":\"https:\/\/gabinete.net\/#website\"},\"primaryImageOfPage\":{\"@id\":\"https:\/\/gabinete.net\/es\/retrasos-y-cancelaciones-vuelos-derechos-pasajero\/#primaryimage\"},\"datePublished\":\"2016-11-28T12:32:37+00:00\",\"dateModified\":\"2020-03-24T06:38:34+00:00\",\"author\":{\"@id\":\"https:\/\/gabinete.net\/#\/schema\/person\/114c7f352df189fa1740c59e1aaf399b\"},\"breadcrumb\":{\"@id\":\"https:\/\/gabinete.net\/es\/retrasos-y-cancelaciones-vuelos-derechos-pasajero\/#breadcrumb\"},\"inLanguage\":\"es\",\"potentialAction\":[{\"@type\":\"ReadAction\",\"target\":[\"https:\/\/gabinete.net\/es\/retrasos-y-cancelaciones-vuelos-derechos-pasajero\/\"]}]},{\"@type\":\"BreadcrumbList\",\"@id\":\"https:\/\/gabinete.net\/es\/retrasos-y-cancelaciones-vuelos-derechos-pasajero\/#breadcrumb\",\"itemListElement\":[{\"@type\":\"ListItem\",\"position\":1,\"name\":\"Inici\",\"item\":\"https:\/\/gabinete.net\/es\/\"},{\"@type\":\"ListItem\",\"position\":2,\"name\":\"Retrasos y cancelaciones de vuelos. Derechos del pasajero\"}]},{\"@type\":\"Person\",\"@id\":\"https:\/\/gabinete.net\/#\/schema\/person\/114c7f352df189fa1740c59e1aaf399b\",\"name\":\"Hern\\u00e1ndez &amp; Vicente\",\"image\":{\"@type\":\"ImageObject\",\"@id\":\"https:\/\/gabinete.net\/#personlogo\",\"inLanguage\":\"es\",\"url\":\"https:\/\/secure.gravatar.com\/avatar\/7c27f531a5f0b8b61666ba5c046c2c31?s=96&d=mm&r=g\",\"contentUrl\":\"https:\/\/secure.gravatar.com\/avatar\/7c27f531a5f0b8b61666ba5c046c2c31?s=96&d=mm&r=g\",\"caption\":\"Hern\\u00e1ndez &amp; Vicente\"}}]}<\/script>\n<!-- \/ Yoast SEO plugin. -->","yoast_head_json":{"title":"Retrasos y cancelaciones de vuelos. Derechos del pasajero - Gabinete","robots":{"index":"index","follow":"follow","max-snippet":"max-snippet:-1","max-image-preview":"max-image-preview:large","max-video-preview":"max-video-preview:-1"},"canonical":"https:\/\/gabinete.net\/es\/retrasos-y-cancelaciones-vuelos-derechos-pasajero\/","og_locale":"es_ES","og_type":"article","og_title":"Retrasos y cancelaciones de vuelos. Derechos del pasajero - Gabinete","og_description":"El avi\u00f3n es el medio de transporte m\u00e1s seguro y r\u00e1pido del mundo pero tambi\u00e9n sufre problemas y los m\u00e1s comunes que suelen sufrir los pasajeros son el retraso y, aunque menos frecuente, la cancelaci\u00f3n del vuelo. Es importante conocer el Reglamento 261\/2004 del Parlamento Europeo, que establece unas normas comunes sobre compensaci\u00f3n y asistencia [&hellip;]","og_url":"https:\/\/gabinete.net\/es\/retrasos-y-cancelaciones-vuelos-derechos-pasajero\/","og_site_name":"Gabinete","article_publisher":"https:\/\/www.facebook.com\/Gabinete-Jur%c3%addico-Hern%c3%a1ndez-Vicente-SL-850104825098234\/","article_published_time":"2016-11-28T12:32:37+00:00","article_modified_time":"2020-03-24T06:38:34+00:00","og_image":[{"width":1030,"height":684,"path":"2020\/03\/foto4-1030x684.jpg","url":"https:\/\/gabinete.net\/wp-content\/uploads\/2020\/03\/foto4-1030x684.jpg","size":"large","id":1443,"alt":"","pixels":704520,"type":"image\/jpeg"}],"twitter_card":"summary_large_image","twitter_misc":{"Escrito por":"Hern\u00e1ndez &amp; Vicente","Tiempo de lectura":"2 minutos"},"schema":{"@context":"https:\/\/schema.org","@graph":[{"@type":"WebSite","@id":"https:\/\/gabinete.net\/#website","url":"https:\/\/gabinete.net\/","name":"Gabinete","description":"Otro sitio realizado con WordPress","potentialAction":[{"@type":"SearchAction","target":{"@type":"EntryPoint","urlTemplate":"https:\/\/gabinete.net\/?s={search_term_string}"},"query-input":"required name=search_term_string"}],"inLanguage":"es"},{"@type":"ImageObject","@id":"https:\/\/gabinete.net\/es\/retrasos-y-cancelaciones-vuelos-derechos-pasajero\/#primaryimage","inLanguage":"es","url":"https:\/\/gabinete.net\/wp-content\/uploads\/2020\/03\/foto4.jpg","contentUrl":"https:\/\/gabinete.net\/wp-content\/uploads\/2020\/03\/foto4.jpg","width":2560,"height":1700},{"@type":"WebPage","@id":"https:\/\/gabinete.net\/es\/retrasos-y-cancelaciones-vuelos-derechos-pasajero\/#webpage","url":"https:\/\/gabinete.net\/es\/retrasos-y-cancelaciones-vuelos-derechos-pasajero\/","name":"Retrasos y cancelaciones de vuelos. Derechos del pasajero - Gabinete","isPartOf":{"@id":"https:\/\/gabinete.net\/#website"},"primaryImageOfPage":{"@id":"https:\/\/gabinete.net\/es\/retrasos-y-cancelaciones-vuelos-derechos-pasajero\/#primaryimage"},"datePublished":"2016-11-28T12:32:37+00:00","dateModified":"2020-03-24T06:38:34+00:00","author":{"@id":"https:\/\/gabinete.net\/#\/schema\/person\/114c7f352df189fa1740c59e1aaf399b"},"breadcrumb":{"@id":"https:\/\/gabinete.net\/es\/retrasos-y-cancelaciones-vuelos-derechos-pasajero\/#breadcrumb"},"inLanguage":"es","potentialAction":[{"@type":"ReadAction","target":["https:\/\/gabinete.net\/es\/retrasos-y-cancelaciones-vuelos-derechos-pasajero\/"]}]},{"@type":"BreadcrumbList","@id":"https:\/\/gabinete.net\/es\/retrasos-y-cancelaciones-vuelos-derechos-pasajero\/#breadcrumb","itemListElement":[{"@type":"ListItem","position":1,"name":"Inici","item":"https:\/\/gabinete.net\/es\/"},{"@type":"ListItem","position":2,"name":"Retrasos y cancelaciones de vuelos. Derechos del pasajero"}]},{"@type":"Person","@id":"https:\/\/gabinete.net\/#\/schema\/person\/114c7f352df189fa1740c59e1aaf399b","name":"Hern\u00e1ndez &amp; Vicente","image":{"@type":"ImageObject","@id":"https:\/\/gabinete.net\/#personlogo","inLanguage":"es","url":"https:\/\/secure.gravatar.com\/avatar\/7c27f531a5f0b8b61666ba5c046c2c31?s=96&d=mm&r=g","contentUrl":"https:\/\/secure.gravatar.com\/avatar\/7c27f531a5f0b8b61666ba5c046c2c31?s=96&d=mm&r=g","caption":"Hern\u00e1ndez &amp; Vicente"}}]}},"_links":{"self":[{"href":"https:\/\/gabinete.net\/es\/wp-json\/wp\/v2\/posts\/578"}],"collection":[{"href":"https:\/\/gabinete.net\/es\/wp-json\/wp\/v2\/posts"}],"about":[{"href":"https:\/\/gabinete.net\/es\/wp-json\/wp\/v2\/types\/post"}],"author":[{"embeddable":true,"href":"https:\/\/gabinete.net\/es\/wp-json\/wp\/v2\/users\/2"}],"replies":[{"embeddable":true,"href":"https:\/\/gabinete.net\/es\/wp-json\/wp\/v2\/comments?post=578"}],"version-history":[{"count":2,"href":"https:\/\/gabinete.net\/es\/wp-json\/wp\/v2\/posts\/578\/revisions"}],"predecessor-version":[{"id":1733,"href":"https:\/\/gabinete.net\/es\/wp-json\/wp\/v2\/posts\/578\/revisions\/1733"}],"wp:featuredmedia":[{"embeddable":true,"href":"https:\/\/gabinete.net\/es\/wp-json\/wp\/v2\/media\/1443"}],"wp:attachment":[{"href":"https:\/\/gabinete.net\/es\/wp-json\/wp\/v2\/media?parent=578"}],"wp:term":[{"taxonomy":"category","embeddable":true,"href":"https:\/\/gabinete.net\/es\/wp-json\/wp\/v2\/categories?post=578"},{"taxonomy":"post_tag","embeddable":true,"href":"https:\/\/gabinete.net\/es\/wp-json\/wp\/v2\/tags?post=578"}],"curies":[{"name":"wp","href":"https:\/\/api.w.org\/{rel}","templated":true}]}}