{"id":627,"date":"2017-01-13T17:15:16","date_gmt":"2017-01-13T17:15:16","guid":{"rendered":"https:\/\/gabinete.net\/?p=627\/"},"modified":"2020-03-23T20:03:00","modified_gmt":"2020-03-23T20:03:00","slug":"reclamacion-accidentes-trafico-cuando-culpable-se-da-fuga","status":"publish","type":"post","link":"https:\/\/gabinete.net\/es\/reclamacion-accidentes-trafico-cuando-culpable-se-da-fuga\/","title":{"rendered":"Reclamaci\u00f3n en accidentes de tr\u00e1fico cuando el culpable se da a la fuga."},"content":{"rendered":"<p>Los accidentes donde interviene un veh\u00edculo a motor est\u00e1n a la orden del d\u00eda y pueden ser de diversos tipos en funci\u00f3n del lugar y los implicados. Colisi\u00f3n entre dos veh\u00edculos, choques en cadena, atropello a peatones o incluso accidentes donde \u00fanicamente interviene un veh\u00edculo que, por ejemplo, se sale de la v\u00eda y golpea contra un muro.<\/p>\n<p>A menos que haya un defecto en la v\u00eda que haya provocado el siniestro, siempre vamos a encontrar un veh\u00edculo culpable y si resultamos perjudicados sufriendo lesiones y\/o da\u00f1os materiales lo recomendable es dirigir la reclamaci\u00f3n contra la compa\u00f1\u00eda de seguros del culpable.<\/p>\n<p><strong>Pero, \u00bfqu\u00e9 sucede cuando el culpable se da a la fuga?\u00a0<\/strong><\/p>\n<p>Independientemente de si hemos podido anotar o no la matr\u00edcula, <strong>lo recomendable es llamar a la polic\u00eda<\/strong> para que intente localizar al fugado. Posteriormente realizar\u00e1n el correspondiente atestado de lo ocurrido incluyendo o no la matr\u00edcula en cuesti\u00f3n y a partir de ah\u00ed podremos empezar a trabajar en nuestra reclamaci\u00f3n.<\/p>\n<p>En caso de no contar con la matr\u00edcula debemos dirigir nuestra reclamaci\u00f3n al Consorcio de Compensaci\u00f3n de Seguros, que es una entidad p\u00fablica que funciona como fondo de garant\u00eda para cubrir las indemnizaciones que correspondan como consecuencia de un accidente donde el culpable ha resultado ser un veh\u00edculo sin seguro, un veh\u00edculo robado o un veh\u00edculo desconocido por haberse dado a la fuga.<\/p>\n<p>En caso de contar con la matr\u00edcula tambi\u00e9n podremos acudir al Consorcio y solicitar un informe FIVA (Fichero Informativo de Veh\u00edculos Asegurados), cuya finalidad es saber con qu\u00e9 compa\u00f1\u00eda est\u00e1 asegurado el contrario. Una vez sepamos la compa\u00f1\u00eda, dirigiremos nuestra reclamaci\u00f3n contra la que corresponda y si, por el contrario, no dispone de seguro, volveremos a dirigir la reclamaci\u00f3n al Consorcio.<\/p>\n","protected":false},"excerpt":{"rendered":"<p>Los accidentes donde interviene un veh\u00edculo a motor est\u00e1n a la orden del d\u00eda y pueden ser de diversos tipos en funci\u00f3n del lugar y los implicados. Colisi\u00f3n entre dos veh\u00edculos, choques en cadena, atropello a peatones o incluso accidentes donde \u00fanicamente interviene un veh\u00edculo que, por ejemplo, se sale de la v\u00eda y golpea [&hellip;]<\/p>\n","protected":false},"author":2,"featured_media":1417,"comment_status":"open","ping_status":"open","sticky":false,"template":"","format":"standard","meta":[],"categories":[1,2],"tags":[],"yoast_head":"<!-- This site is optimized with the Yoast SEO plugin v16.7 - https:\/\/yoast.com\/wordpress\/plugins\/seo\/ -->\n<title>Reclamaci\u00f3n en accidentes de tr\u00e1fico cuando el culpable se da a la fuga. - Gabinete<\/title>\n<meta name=\"robots\" content=\"index, follow, max-snippet:-1, max-image-preview:large, max-video-preview:-1\" \/>\n<link rel=\"canonical\" href=\"https:\/\/gabinete.net\/es\/reclamacion-accidentes-trafico-cuando-culpable-se-da-fuga\/\" \/>\n<meta property=\"og:locale\" content=\"es_ES\" \/>\n<meta property=\"og:type\" content=\"article\" \/>\n<meta property=\"og:title\" content=\"Reclamaci\u00f3n en accidentes de tr\u00e1fico cuando el culpable se da a la fuga. - Gabinete\" \/>\n<meta property=\"og:description\" content=\"Los accidentes donde interviene un veh\u00edculo a motor est\u00e1n a la orden del d\u00eda y pueden ser de diversos tipos en funci\u00f3n del lugar y los implicados. Colisi\u00f3n entre dos veh\u00edculos, choques en cadena, atropello a peatones o incluso accidentes donde \u00fanicamente interviene un veh\u00edculo que, por ejemplo, se sale de la v\u00eda y golpea [&hellip;]\" \/>\n<meta property=\"og:url\" content=\"https:\/\/gabinete.net\/es\/reclamacion-accidentes-trafico-cuando-culpable-se-da-fuga\/\" \/>\n<meta property=\"og:site_name\" content=\"Gabinete\" \/>\n<meta property=\"article:publisher\" content=\"https:\/\/www.facebook.com\/Gabinete-Jur%c3%addico-Hern%c3%a1ndez-Vicente-SL-850104825098234\/\" \/>\n<meta property=\"article:published_time\" content=\"2017-01-13T17:15:16+00:00\" \/>\n<meta property=\"article:modified_time\" content=\"2020-03-23T20:03:00+00:00\" \/>\n<meta property=\"og:image\" content=\"https:\/\/gabinete.net\/wp-content\/uploads\/2020\/03\/culpablefuga.jpg\" \/>\n\t<meta property=\"og:image:width\" content=\"1000\" \/>\n\t<meta property=\"og:image:height\" content=\"749\" \/>\n<meta name=\"twitter:card\" content=\"summary_large_image\" \/>\n<meta name=\"twitter:label1\" content=\"Escrito por\" \/>\n\t<meta name=\"twitter:data1\" content=\"Hern\u00e1ndez &amp; Vicente\" \/>\n\t<meta name=\"twitter:label2\" content=\"Tiempo de lectura\" \/>\n\t<meta name=\"twitter:data2\" content=\"2 minutos\" \/>\n<script type=\"application\/ld+json\" class=\"yoast-schema-graph\">{\"@context\":\"https:\/\/schema.org\",\"@graph\":[{\"@type\":\"WebSite\",\"@id\":\"https:\/\/gabinete.net\/#website\",\"url\":\"https:\/\/gabinete.net\/\",\"name\":\"Gabinete\",\"description\":\"Otro sitio realizado con WordPress\",\"potentialAction\":[{\"@type\":\"SearchAction\",\"target\":{\"@type\":\"EntryPoint\",\"urlTemplate\":\"https:\/\/gabinete.net\/?s={search_term_string}\"},\"query-input\":\"required name=search_term_string\"}],\"inLanguage\":\"es\"},{\"@type\":\"ImageObject\",\"@id\":\"https:\/\/gabinete.net\/es\/reclamacion-accidentes-trafico-cuando-culpable-se-da-fuga\/#primaryimage\",\"inLanguage\":\"es\",\"url\":\"https:\/\/gabinete.net\/wp-content\/uploads\/2020\/03\/culpablefuga.jpg\",\"contentUrl\":\"https:\/\/gabinete.net\/wp-content\/uploads\/2020\/03\/culpablefuga.jpg\",\"width\":1000,\"height\":749},{\"@type\":\"WebPage\",\"@id\":\"https:\/\/gabinete.net\/es\/reclamacion-accidentes-trafico-cuando-culpable-se-da-fuga\/#webpage\",\"url\":\"https:\/\/gabinete.net\/es\/reclamacion-accidentes-trafico-cuando-culpable-se-da-fuga\/\",\"name\":\"Reclamaci\\u00f3n en accidentes de tr\\u00e1fico cuando el culpable se da a la fuga. - Gabinete\",\"isPartOf\":{\"@id\":\"https:\/\/gabinete.net\/#website\"},\"primaryImageOfPage\":{\"@id\":\"https:\/\/gabinete.net\/es\/reclamacion-accidentes-trafico-cuando-culpable-se-da-fuga\/#primaryimage\"},\"datePublished\":\"2017-01-13T17:15:16+00:00\",\"dateModified\":\"2020-03-23T20:03:00+00:00\",\"author\":{\"@id\":\"https:\/\/gabinete.net\/#\/schema\/person\/114c7f352df189fa1740c59e1aaf399b\"},\"breadcrumb\":{\"@id\":\"https:\/\/gabinete.net\/es\/reclamacion-accidentes-trafico-cuando-culpable-se-da-fuga\/#breadcrumb\"},\"inLanguage\":\"es\",\"potentialAction\":[{\"@type\":\"ReadAction\",\"target\":[\"https:\/\/gabinete.net\/es\/reclamacion-accidentes-trafico-cuando-culpable-se-da-fuga\/\"]}]},{\"@type\":\"BreadcrumbList\",\"@id\":\"https:\/\/gabinete.net\/es\/reclamacion-accidentes-trafico-cuando-culpable-se-da-fuga\/#breadcrumb\",\"itemListElement\":[{\"@type\":\"ListItem\",\"position\":1,\"name\":\"Inici\",\"item\":\"https:\/\/gabinete.net\/es\/\"},{\"@type\":\"ListItem\",\"position\":2,\"name\":\"Reclamaci\\u00f3n en accidentes de tr\\u00e1fico cuando el culpable se da a la fuga.\"}]},{\"@type\":\"Person\",\"@id\":\"https:\/\/gabinete.net\/#\/schema\/person\/114c7f352df189fa1740c59e1aaf399b\",\"name\":\"Hern\\u00e1ndez &amp; Vicente\",\"image\":{\"@type\":\"ImageObject\",\"@id\":\"https:\/\/gabinete.net\/#personlogo\",\"inLanguage\":\"es\",\"url\":\"https:\/\/secure.gravatar.com\/avatar\/7c27f531a5f0b8b61666ba5c046c2c31?s=96&d=mm&r=g\",\"contentUrl\":\"https:\/\/secure.gravatar.com\/avatar\/7c27f531a5f0b8b61666ba5c046c2c31?s=96&d=mm&r=g\",\"caption\":\"Hern\\u00e1ndez &amp; Vicente\"}}]}<\/script>\n<!-- \/ Yoast SEO plugin. -->","yoast_head_json":{"title":"Reclamaci\u00f3n en accidentes de tr\u00e1fico cuando el culpable se da a la fuga. - Gabinete","robots":{"index":"index","follow":"follow","max-snippet":"max-snippet:-1","max-image-preview":"max-image-preview:large","max-video-preview":"max-video-preview:-1"},"canonical":"https:\/\/gabinete.net\/es\/reclamacion-accidentes-trafico-cuando-culpable-se-da-fuga\/","og_locale":"es_ES","og_type":"article","og_title":"Reclamaci\u00f3n en accidentes de tr\u00e1fico cuando el culpable se da a la fuga. - Gabinete","og_description":"Los accidentes donde interviene un veh\u00edculo a motor est\u00e1n a la orden del d\u00eda y pueden ser de diversos tipos en funci\u00f3n del lugar y los implicados. Colisi\u00f3n entre dos veh\u00edculos, choques en cadena, atropello a peatones o incluso accidentes donde \u00fanicamente interviene un veh\u00edculo que, por ejemplo, se sale de la v\u00eda y golpea [&hellip;]","og_url":"https:\/\/gabinete.net\/es\/reclamacion-accidentes-trafico-cuando-culpable-se-da-fuga\/","og_site_name":"Gabinete","article_publisher":"https:\/\/www.facebook.com\/Gabinete-Jur%c3%addico-Hern%c3%a1ndez-Vicente-SL-850104825098234\/","article_published_time":"2017-01-13T17:15:16+00:00","article_modified_time":"2020-03-23T20:03:00+00:00","og_image":[{"width":1000,"height":749,"url":"https:\/\/gabinete.net\/wp-content\/uploads\/2020\/03\/culpablefuga.jpg","path":"\/home\/gabinetevp\/www\/wp-content\/uploads\/2020\/03\/culpablefuga.jpg","size":"full","id":1417,"alt":"","pixels":749000,"type":"image\/jpeg"}],"twitter_card":"summary_large_image","twitter_misc":{"Escrito por":"Hern\u00e1ndez &amp; Vicente","Tiempo de lectura":"2 minutos"},"schema":{"@context":"https:\/\/schema.org","@graph":[{"@type":"WebSite","@id":"https:\/\/gabinete.net\/#website","url":"https:\/\/gabinete.net\/","name":"Gabinete","description":"Otro sitio realizado con WordPress","potentialAction":[{"@type":"SearchAction","target":{"@type":"EntryPoint","urlTemplate":"https:\/\/gabinete.net\/?s={search_term_string}"},"query-input":"required name=search_term_string"}],"inLanguage":"es"},{"@type":"ImageObject","@id":"https:\/\/gabinete.net\/es\/reclamacion-accidentes-trafico-cuando-culpable-se-da-fuga\/#primaryimage","inLanguage":"es","url":"https:\/\/gabinete.net\/wp-content\/uploads\/2020\/03\/culpablefuga.jpg","contentUrl":"https:\/\/gabinete.net\/wp-content\/uploads\/2020\/03\/culpablefuga.jpg","width":1000,"height":749},{"@type":"WebPage","@id":"https:\/\/gabinete.net\/es\/reclamacion-accidentes-trafico-cuando-culpable-se-da-fuga\/#webpage","url":"https:\/\/gabinete.net\/es\/reclamacion-accidentes-trafico-cuando-culpable-se-da-fuga\/","name":"Reclamaci\u00f3n en accidentes de tr\u00e1fico cuando el culpable se da a la fuga. - Gabinete","isPartOf":{"@id":"https:\/\/gabinete.net\/#website"},"primaryImageOfPage":{"@id":"https:\/\/gabinete.net\/es\/reclamacion-accidentes-trafico-cuando-culpable-se-da-fuga\/#primaryimage"},"datePublished":"2017-01-13T17:15:16+00:00","dateModified":"2020-03-23T20:03:00+00:00","author":{"@id":"https:\/\/gabinete.net\/#\/schema\/person\/114c7f352df189fa1740c59e1aaf399b"},"breadcrumb":{"@id":"https:\/\/gabinete.net\/es\/reclamacion-accidentes-trafico-cuando-culpable-se-da-fuga\/#breadcrumb"},"inLanguage":"es","potentialAction":[{"@type":"ReadAction","target":["https:\/\/gabinete.net\/es\/reclamacion-accidentes-trafico-cuando-culpable-se-da-fuga\/"]}]},{"@type":"BreadcrumbList","@id":"https:\/\/gabinete.net\/es\/reclamacion-accidentes-trafico-cuando-culpable-se-da-fuga\/#breadcrumb","itemListElement":[{"@type":"ListItem","position":1,"name":"Inici","item":"https:\/\/gabinete.net\/es\/"},{"@type":"ListItem","position":2,"name":"Reclamaci\u00f3n en accidentes de tr\u00e1fico cuando el culpable se da a la fuga."}]},{"@type":"Person","@id":"https:\/\/gabinete.net\/#\/schema\/person\/114c7f352df189fa1740c59e1aaf399b","name":"Hern\u00e1ndez &amp; Vicente","image":{"@type":"ImageObject","@id":"https:\/\/gabinete.net\/#personlogo","inLanguage":"es","url":"https:\/\/secure.gravatar.com\/avatar\/7c27f531a5f0b8b61666ba5c046c2c31?s=96&d=mm&r=g","contentUrl":"https:\/\/secure.gravatar.com\/avatar\/7c27f531a5f0b8b61666ba5c046c2c31?s=96&d=mm&r=g","caption":"Hern\u00e1ndez &amp; Vicente"}}]}},"_links":{"self":[{"href":"https:\/\/gabinete.net\/es\/wp-json\/wp\/v2\/posts\/627"}],"collection":[{"href":"https:\/\/gabinete.net\/es\/wp-json\/wp\/v2\/posts"}],"about":[{"href":"https:\/\/gabinete.net\/es\/wp-json\/wp\/v2\/types\/post"}],"author":[{"embeddable":true,"href":"https:\/\/gabinete.net\/es\/wp-json\/wp\/v2\/users\/2"}],"replies":[{"embeddable":true,"href":"https:\/\/gabinete.net\/es\/wp-json\/wp\/v2\/comments?post=627"}],"version-history":[{"count":1,"href":"https:\/\/gabinete.net\/es\/wp-json\/wp\/v2\/posts\/627\/revisions"}],"predecessor-version":[{"id":1696,"href":"https:\/\/gabinete.net\/es\/wp-json\/wp\/v2\/posts\/627\/revisions\/1696"}],"wp:featuredmedia":[{"embeddable":true,"href":"https:\/\/gabinete.net\/es\/wp-json\/wp\/v2\/media\/1417"}],"wp:attachment":[{"href":"https:\/\/gabinete.net\/es\/wp-json\/wp\/v2\/media?parent=627"}],"wp:term":[{"taxonomy":"category","embeddable":true,"href":"https:\/\/gabinete.net\/es\/wp-json\/wp\/v2\/categories?post=627"},{"taxonomy":"post_tag","embeddable":true,"href":"https:\/\/gabinete.net\/es\/wp-json\/wp\/v2\/tags?post=627"}],"curies":[{"name":"wp","href":"https:\/\/api.w.org\/{rel}","templated":true}]}}