{"id":650,"date":"2017-02-27T17:12:31","date_gmt":"2017-02-27T17:12:31","guid":{"rendered":"https:\/\/gabinete.net\/?p=650\/"},"modified":"2020-03-23T18:34:45","modified_gmt":"2020-03-23T18:34:45","slug":"plusvalia-municipal","status":"publish","type":"post","link":"https:\/\/gabinete.net\/es\/plusvalia-municipal\/","title":{"rendered":"El Tribunal Constitucional, partidario de reformar el impuesto sobre la plusval\u00eda municipal."},"content":{"rendered":"<p>La mayor\u00eda de bienes inmuebles de naturaleza urbana se revalorizan a\u00f1o tras a\u00f1o de manera constante. As\u00ed, desde que se adquiere por cualquier t\u00edtulo un inmueble hasta que se transmite de nuevo, se entiende que habr\u00e1 aumentado su valor.<\/p>\n<p>Aqu\u00ed entra en juego el impuesto sobre el incremento de valor de los terrenos de naturaleza urbana, m\u00e1s conocido como <em>plusval\u00eda<\/em>. Este impuesto grava la obtenci\u00f3n de un incremento de valor experimentado por el terreno que se da cuando se transmite su propiedad por cualquier t\u00edtulo (herencia, compraventa, permuta, donaci\u00f3n, entre otros).<\/p>\n<p>Por ejemplo, si se adquiri\u00f3 un piso hace 10 a\u00f1os por 80.000 euros y ahora se transmite por 120.000 euros, hay un aumento o plusval\u00eda de 40.000 euros y sobre dicho importe hay que tributar.<\/p>\n<p>La plusval\u00eda puede llegar a subir mucho y ha generado un gran revuelo debido a numerosos casos donde el valor de transmisi\u00f3n es igual o inferior al valor por el que se adquiri\u00f3, algo com\u00fan durante los \u00faltimos a\u00f1os, a ra\u00edz de la crisis. Esto provoca que el obligado tributario no s\u00f3lo transmita su propiedad por menos valor de lo que la adquiri\u00f3, sino que adem\u00e1s ha de hacer frente al impuesto.<\/p>\n<p>Recientemente el Tribunal Constitucional ha resuelto una cuesti\u00f3n de una plusval\u00eda del Ayuntamiento de Ir\u00fan, donde se ha considerado nula la aplicaci\u00f3n del impuesto porque al transmitirse el inmueble el valor del terreno era inferior. Seg\u00fan el Tribunal, <em>\u201ccarece de toda justificaci\u00f3n razonable que deba pagarse el impuesto en estos casos\u201d. <\/em><\/p>\n<p>Debido a que el impuesto es de car\u00e1cter municipal, esta corriente jurisprudencial no ser\u00e1 aplicable de inmediato, si bien supone un soplo de aire fresco para muchas personas que se vean inmersas en esta situaci\u00f3n.<\/p>\n","protected":false},"excerpt":{"rendered":"<p>La mayor\u00eda de bienes inmuebles de naturaleza urbana se revalorizan a\u00f1o tras a\u00f1o de manera constante. As\u00ed, desde que se adquiere por cualquier t\u00edtulo un inmueble hasta que se transmite de nuevo, se entiende que habr\u00e1 aumentado su valor. Aqu\u00ed entra en juego el impuesto sobre el incremento de valor de los terrenos de naturaleza [&hellip;]<\/p>\n","protected":false},"author":2,"featured_media":1391,"comment_status":"open","ping_status":"open","sticky":false,"template":"","format":"standard","meta":[],"categories":[1,2],"tags":[],"yoast_head":"<!-- This site is optimized with the Yoast SEO plugin v16.7 - https:\/\/yoast.com\/wordpress\/plugins\/seo\/ -->\n<title>El Tribunal Constitucional, partidario de reformar el impuesto sobre la plusval\u00eda municipal. - Gabinete<\/title>\n<meta name=\"robots\" content=\"index, follow, max-snippet:-1, max-image-preview:large, max-video-preview:-1\" \/>\n<link rel=\"canonical\" href=\"https:\/\/gabinete.net\/es\/plusvalia-municipal\/\" \/>\n<meta property=\"og:locale\" content=\"es_ES\" \/>\n<meta property=\"og:type\" content=\"article\" \/>\n<meta property=\"og:title\" content=\"El Tribunal Constitucional, partidario de reformar el impuesto sobre la plusval\u00eda municipal. - Gabinete\" \/>\n<meta property=\"og:description\" content=\"La mayor\u00eda de bienes inmuebles de naturaleza urbana se revalorizan a\u00f1o tras a\u00f1o de manera constante. As\u00ed, desde que se adquiere por cualquier t\u00edtulo un inmueble hasta que se transmite de nuevo, se entiende que habr\u00e1 aumentado su valor. Aqu\u00ed entra en juego el impuesto sobre el incremento de valor de los terrenos de naturaleza [&hellip;]\" \/>\n<meta property=\"og:url\" content=\"https:\/\/gabinete.net\/es\/plusvalia-municipal\/\" \/>\n<meta property=\"og:site_name\" content=\"Gabinete\" \/>\n<meta property=\"article:publisher\" content=\"https:\/\/www.facebook.com\/Gabinete-Jur%c3%addico-Hern%c3%a1ndez-Vicente-SL-850104825098234\/\" \/>\n<meta property=\"article:published_time\" content=\"2017-02-27T17:12:31+00:00\" \/>\n<meta property=\"article:modified_time\" content=\"2020-03-23T18:34:45+00:00\" \/>\n<meta property=\"og:image\" content=\"https:\/\/gabinete.net\/wp-content\/uploads\/2020\/03\/27-02-eduard-militaru-129396.jpg\" \/>\n\t<meta property=\"og:image:width\" content=\"1000\" \/>\n\t<meta property=\"og:image:height\" content=\"667\" \/>\n<meta name=\"twitter:card\" content=\"summary_large_image\" \/>\n<meta name=\"twitter:label1\" content=\"Escrito por\" \/>\n\t<meta name=\"twitter:data1\" content=\"Hern\u00e1ndez &amp; Vicente\" \/>\n\t<meta name=\"twitter:label2\" content=\"Tiempo de lectura\" \/>\n\t<meta name=\"twitter:data2\" content=\"2 minutos\" \/>\n<script type=\"application\/ld+json\" class=\"yoast-schema-graph\">{\"@context\":\"https:\/\/schema.org\",\"@graph\":[{\"@type\":\"WebSite\",\"@id\":\"https:\/\/gabinete.net\/#website\",\"url\":\"https:\/\/gabinete.net\/\",\"name\":\"Gabinete\",\"description\":\"Otro sitio realizado con WordPress\",\"potentialAction\":[{\"@type\":\"SearchAction\",\"target\":{\"@type\":\"EntryPoint\",\"urlTemplate\":\"https:\/\/gabinete.net\/?s={search_term_string}\"},\"query-input\":\"required name=search_term_string\"}],\"inLanguage\":\"es\"},{\"@type\":\"ImageObject\",\"@id\":\"https:\/\/gabinete.net\/es\/plusvalia-municipal\/#primaryimage\",\"inLanguage\":\"es\",\"url\":\"https:\/\/gabinete.net\/wp-content\/uploads\/2020\/03\/27-02-eduard-militaru-129396.jpg\",\"contentUrl\":\"https:\/\/gabinete.net\/wp-content\/uploads\/2020\/03\/27-02-eduard-militaru-129396.jpg\",\"width\":1000,\"height\":667},{\"@type\":\"WebPage\",\"@id\":\"https:\/\/gabinete.net\/es\/plusvalia-municipal\/#webpage\",\"url\":\"https:\/\/gabinete.net\/es\/plusvalia-municipal\/\",\"name\":\"El Tribunal Constitucional, partidario de reformar el impuesto sobre la plusval\\u00eda municipal. - Gabinete\",\"isPartOf\":{\"@id\":\"https:\/\/gabinete.net\/#website\"},\"primaryImageOfPage\":{\"@id\":\"https:\/\/gabinete.net\/es\/plusvalia-municipal\/#primaryimage\"},\"datePublished\":\"2017-02-27T17:12:31+00:00\",\"dateModified\":\"2020-03-23T18:34:45+00:00\",\"author\":{\"@id\":\"https:\/\/gabinete.net\/#\/schema\/person\/114c7f352df189fa1740c59e1aaf399b\"},\"breadcrumb\":{\"@id\":\"https:\/\/gabinete.net\/es\/plusvalia-municipal\/#breadcrumb\"},\"inLanguage\":\"es\",\"potentialAction\":[{\"@type\":\"ReadAction\",\"target\":[\"https:\/\/gabinete.net\/es\/plusvalia-municipal\/\"]}]},{\"@type\":\"BreadcrumbList\",\"@id\":\"https:\/\/gabinete.net\/es\/plusvalia-municipal\/#breadcrumb\",\"itemListElement\":[{\"@type\":\"ListItem\",\"position\":1,\"name\":\"Inici\",\"item\":\"https:\/\/gabinete.net\/es\/\"},{\"@type\":\"ListItem\",\"position\":2,\"name\":\"El Tribunal Constitucional, partidario de reformar el impuesto sobre la plusval\\u00eda municipal.\"}]},{\"@type\":\"Person\",\"@id\":\"https:\/\/gabinete.net\/#\/schema\/person\/114c7f352df189fa1740c59e1aaf399b\",\"name\":\"Hern\\u00e1ndez &amp; Vicente\",\"image\":{\"@type\":\"ImageObject\",\"@id\":\"https:\/\/gabinete.net\/#personlogo\",\"inLanguage\":\"es\",\"url\":\"https:\/\/secure.gravatar.com\/avatar\/7c27f531a5f0b8b61666ba5c046c2c31?s=96&d=mm&r=g\",\"contentUrl\":\"https:\/\/secure.gravatar.com\/avatar\/7c27f531a5f0b8b61666ba5c046c2c31?s=96&d=mm&r=g\",\"caption\":\"Hern\\u00e1ndez &amp; Vicente\"}}]}<\/script>\n<!-- \/ Yoast SEO plugin. -->","yoast_head_json":{"title":"El Tribunal Constitucional, partidario de reformar el impuesto sobre la plusval\u00eda municipal. - Gabinete","robots":{"index":"index","follow":"follow","max-snippet":"max-snippet:-1","max-image-preview":"max-image-preview:large","max-video-preview":"max-video-preview:-1"},"canonical":"https:\/\/gabinete.net\/es\/plusvalia-municipal\/","og_locale":"es_ES","og_type":"article","og_title":"El Tribunal Constitucional, partidario de reformar el impuesto sobre la plusval\u00eda municipal. - Gabinete","og_description":"La mayor\u00eda de bienes inmuebles de naturaleza urbana se revalorizan a\u00f1o tras a\u00f1o de manera constante. As\u00ed, desde que se adquiere por cualquier t\u00edtulo un inmueble hasta que se transmite de nuevo, se entiende que habr\u00e1 aumentado su valor. Aqu\u00ed entra en juego el impuesto sobre el incremento de valor de los terrenos de naturaleza [&hellip;]","og_url":"https:\/\/gabinete.net\/es\/plusvalia-municipal\/","og_site_name":"Gabinete","article_publisher":"https:\/\/www.facebook.com\/Gabinete-Jur%c3%addico-Hern%c3%a1ndez-Vicente-SL-850104825098234\/","article_published_time":"2017-02-27T17:12:31+00:00","article_modified_time":"2020-03-23T18:34:45+00:00","og_image":[{"width":1000,"height":667,"url":"https:\/\/gabinete.net\/wp-content\/uploads\/2020\/03\/27-02-eduard-militaru-129396.jpg","path":"\/home\/gabinetevp\/www\/wp-content\/uploads\/2020\/03\/27-02-eduard-militaru-129396.jpg","size":"full","id":1391,"alt":"","pixels":667000,"type":"image\/jpeg"}],"twitter_card":"summary_large_image","twitter_misc":{"Escrito por":"Hern\u00e1ndez &amp; Vicente","Tiempo de lectura":"2 minutos"},"schema":{"@context":"https:\/\/schema.org","@graph":[{"@type":"WebSite","@id":"https:\/\/gabinete.net\/#website","url":"https:\/\/gabinete.net\/","name":"Gabinete","description":"Otro sitio realizado con WordPress","potentialAction":[{"@type":"SearchAction","target":{"@type":"EntryPoint","urlTemplate":"https:\/\/gabinete.net\/?s={search_term_string}"},"query-input":"required name=search_term_string"}],"inLanguage":"es"},{"@type":"ImageObject","@id":"https:\/\/gabinete.net\/es\/plusvalia-municipal\/#primaryimage","inLanguage":"es","url":"https:\/\/gabinete.net\/wp-content\/uploads\/2020\/03\/27-02-eduard-militaru-129396.jpg","contentUrl":"https:\/\/gabinete.net\/wp-content\/uploads\/2020\/03\/27-02-eduard-militaru-129396.jpg","width":1000,"height":667},{"@type":"WebPage","@id":"https:\/\/gabinete.net\/es\/plusvalia-municipal\/#webpage","url":"https:\/\/gabinete.net\/es\/plusvalia-municipal\/","name":"El Tribunal Constitucional, partidario de reformar el impuesto sobre la plusval\u00eda municipal. - Gabinete","isPartOf":{"@id":"https:\/\/gabinete.net\/#website"},"primaryImageOfPage":{"@id":"https:\/\/gabinete.net\/es\/plusvalia-municipal\/#primaryimage"},"datePublished":"2017-02-27T17:12:31+00:00","dateModified":"2020-03-23T18:34:45+00:00","author":{"@id":"https:\/\/gabinete.net\/#\/schema\/person\/114c7f352df189fa1740c59e1aaf399b"},"breadcrumb":{"@id":"https:\/\/gabinete.net\/es\/plusvalia-municipal\/#breadcrumb"},"inLanguage":"es","potentialAction":[{"@type":"ReadAction","target":["https:\/\/gabinete.net\/es\/plusvalia-municipal\/"]}]},{"@type":"BreadcrumbList","@id":"https:\/\/gabinete.net\/es\/plusvalia-municipal\/#breadcrumb","itemListElement":[{"@type":"ListItem","position":1,"name":"Inici","item":"https:\/\/gabinete.net\/es\/"},{"@type":"ListItem","position":2,"name":"El Tribunal Constitucional, partidario de reformar el impuesto sobre la plusval\u00eda municipal."}]},{"@type":"Person","@id":"https:\/\/gabinete.net\/#\/schema\/person\/114c7f352df189fa1740c59e1aaf399b","name":"Hern\u00e1ndez &amp; Vicente","image":{"@type":"ImageObject","@id":"https:\/\/gabinete.net\/#personlogo","inLanguage":"es","url":"https:\/\/secure.gravatar.com\/avatar\/7c27f531a5f0b8b61666ba5c046c2c31?s=96&d=mm&r=g","contentUrl":"https:\/\/secure.gravatar.com\/avatar\/7c27f531a5f0b8b61666ba5c046c2c31?s=96&d=mm&r=g","caption":"Hern\u00e1ndez &amp; Vicente"}}]}},"_links":{"self":[{"href":"https:\/\/gabinete.net\/es\/wp-json\/wp\/v2\/posts\/650"}],"collection":[{"href":"https:\/\/gabinete.net\/es\/wp-json\/wp\/v2\/posts"}],"about":[{"href":"https:\/\/gabinete.net\/es\/wp-json\/wp\/v2\/types\/post"}],"author":[{"embeddable":true,"href":"https:\/\/gabinete.net\/es\/wp-json\/wp\/v2\/users\/2"}],"replies":[{"embeddable":true,"href":"https:\/\/gabinete.net\/es\/wp-json\/wp\/v2\/comments?post=650"}],"version-history":[{"count":1,"href":"https:\/\/gabinete.net\/es\/wp-json\/wp\/v2\/posts\/650\/revisions"}],"predecessor-version":[{"id":1673,"href":"https:\/\/gabinete.net\/es\/wp-json\/wp\/v2\/posts\/650\/revisions\/1673"}],"wp:featuredmedia":[{"embeddable":true,"href":"https:\/\/gabinete.net\/es\/wp-json\/wp\/v2\/media\/1391"}],"wp:attachment":[{"href":"https:\/\/gabinete.net\/es\/wp-json\/wp\/v2\/media?parent=650"}],"wp:term":[{"taxonomy":"category","embeddable":true,"href":"https:\/\/gabinete.net\/es\/wp-json\/wp\/v2\/categories?post=650"},{"taxonomy":"post_tag","embeddable":true,"href":"https:\/\/gabinete.net\/es\/wp-json\/wp\/v2\/tags?post=650"}],"curies":[{"name":"wp","href":"https:\/\/api.w.org\/{rel}","templated":true}]}}