{"id":687,"date":"2017-03-23T12:23:57","date_gmt":"2017-03-23T12:23:57","guid":{"rendered":"https:\/\/gabinete.net\/?p=687\/"},"modified":"2020-03-24T06:36:33","modified_gmt":"2020-03-24T06:36:33","slug":"matricular-mi-vehiculo-como-historico","status":"publish","type":"post","link":"https:\/\/gabinete.net\/es\/matricular-mi-vehiculo-como-historico\/","title":{"rendered":"Matricular mi veh\u00edculo como hist\u00f3rico"},"content":{"rendered":"<p>En el art\u00edculo anterior comentamos las nuevas restricciones que van a implantarse en Barcelona y otros Ayuntamientos en relaci\u00f3n a los veh\u00edculos m\u00e1s contaminantes, esto es, los de gasolina matriculados antes del 2000 y los di\u00e9sel anteriores a 2006, cuya prohibici\u00f3n de circular por Barcelona estar\u00e1 vigente partir de 2020.<\/p>\n<p>&nbsp;<\/p>\n<p>Al margen de las soluciones que pasan por fomentar el transporte p\u00fablico queremos advertir la posibilidad de matricular el veh\u00edculo como hist\u00f3rico.<\/p>\n<p>&nbsp;<\/p>\n<p>El Reglamento 1247\/1995 de veh\u00edculos hist\u00f3ricos establece que podr\u00e1n ser considerados como tal aquellos con una antig\u00fcedad m\u00ednima de 25 a\u00f1os que hayan pasado la ITV y no hayan sufrido modificaciones t\u00e9cnicas.<\/p>\n<p>&nbsp;<\/p>\n<p>Para convertirlo en hist\u00f3rico hay que llevarlo a un laboratorio oficial donde se realizar\u00e1 una inspecci\u00f3n del mismo y se emitir\u00e1 un informe sobre la autenticidad y caracter\u00edsticas, remiti\u00e9ndolo al \u00f3rgano competente de la Comunidad Aut\u00f3noma para que resuelva catalog\u00e1ndolo como hist\u00f3rico.<\/p>\n<p>&nbsp;<\/p>\n<p>Aprobada la solicitud se deber\u00e1 pasar una nueva ITV, acudir a Tr\u00e1fico y conseguir la nueva documentaci\u00f3n. La nueva placa que se entregar\u00e1 llevar\u00e1 la inscripci\u00f3n \u201cVH\u201d.<\/p>\n<p>&nbsp;<\/p>\n<p>Con este proceso conseguimos que el veh\u00edculo supere el filtro de la normativa anticontaminaci\u00f3n. Adem\u00e1s, existen otras ventajas tales como la exenci\u00f3n del impuesto de circulaci\u00f3n en algunos municipios, posibilidad de realizar la ITV cada m\u00e1s tiempo y poder contratar p\u00f3lizas de seguro que suelen ser m\u00e1s baratas.<\/p>\n<p>&nbsp;<\/p>\n<p>Como contras, el coste del papeleo suele rondar los 600 \u20ac de media, se podr\u00e1n imponer restricciones a circular por ciertas v\u00edas o a seg\u00fan qu\u00e9 horas dependiendo de c\u00f3mo sea el coche, alumbrado que lleve y muchas aseguradoras limitan el n\u00famero de kil\u00f3metros a realizar anualmente.<\/p>\n<p>&nbsp;<\/p>\n<p>Pese a todo, es una opci\u00f3n interesante a barajar llegado el momento.<\/p>\n","protected":false},"excerpt":{"rendered":"<p>En el art\u00edculo anterior comentamos las nuevas restricciones que van a implantarse en Barcelona y otros Ayuntamientos en relaci\u00f3n a los veh\u00edculos m\u00e1s contaminantes, esto es, los de gasolina matriculados antes del 2000 y los di\u00e9sel anteriores a 2006, cuya prohibici\u00f3n de circular por Barcelona estar\u00e1 vigente partir de 2020. &nbsp; Al margen de las [&hellip;]<\/p>\n","protected":false},"author":2,"featured_media":1393,"comment_status":"open","ping_status":"open","sticky":false,"template":"","format":"standard","meta":[],"categories":[1,2],"tags":[],"yoast_head":"<!-- This site is optimized with the Yoast SEO plugin v16.7 - https:\/\/yoast.com\/wordpress\/plugins\/seo\/ -->\n<title>Matricular mi veh\u00edculo como hist\u00f3rico - Gabinete<\/title>\n<meta name=\"robots\" content=\"index, follow, max-snippet:-1, max-image-preview:large, max-video-preview:-1\" \/>\n<link rel=\"canonical\" href=\"https:\/\/gabinete.net\/es\/matricular-mi-vehiculo-como-historico\/\" \/>\n<meta property=\"og:locale\" content=\"es_ES\" \/>\n<meta property=\"og:type\" content=\"article\" \/>\n<meta property=\"og:title\" content=\"Matricular mi veh\u00edculo como hist\u00f3rico - Gabinete\" \/>\n<meta property=\"og:description\" content=\"En el art\u00edculo anterior comentamos las nuevas restricciones que van a implantarse en Barcelona y otros Ayuntamientos en relaci\u00f3n a los veh\u00edculos m\u00e1s contaminantes, esto es, los de gasolina matriculados antes del 2000 y los di\u00e9sel anteriores a 2006, cuya prohibici\u00f3n de circular por Barcelona estar\u00e1 vigente partir de 2020. &nbsp; Al margen de las [&hellip;]\" \/>\n<meta property=\"og:url\" content=\"https:\/\/gabinete.net\/es\/matricular-mi-vehiculo-como-historico\/\" \/>\n<meta property=\"og:site_name\" content=\"Gabinete\" \/>\n<meta property=\"article:publisher\" content=\"https:\/\/www.facebook.com\/Gabinete-Jur%c3%addico-Hern%c3%a1ndez-Vicente-SL-850104825098234\/\" \/>\n<meta property=\"article:published_time\" content=\"2017-03-23T12:23:57+00:00\" \/>\n<meta property=\"article:modified_time\" content=\"2020-03-24T06:36:33+00:00\" \/>\n<meta property=\"og:image\" content=\"https:\/\/gabinete.net\/wp-content\/uploads\/2020\/03\/27-3.jpg\" \/>\n\t<meta property=\"og:image:width\" content=\"1920\" \/>\n\t<meta property=\"og:image:height\" content=\"1080\" \/>\n<meta name=\"twitter:card\" content=\"summary_large_image\" \/>\n<meta name=\"twitter:label1\" content=\"Escrito por\" \/>\n\t<meta name=\"twitter:data1\" content=\"Hern\u00e1ndez &amp; Vicente\" \/>\n\t<meta name=\"twitter:label2\" content=\"Tiempo de lectura\" \/>\n\t<meta name=\"twitter:data2\" content=\"2 minutos\" \/>\n<script type=\"application\/ld+json\" class=\"yoast-schema-graph\">{\"@context\":\"https:\/\/schema.org\",\"@graph\":[{\"@type\":\"WebSite\",\"@id\":\"https:\/\/gabinete.net\/#website\",\"url\":\"https:\/\/gabinete.net\/\",\"name\":\"Gabinete\",\"description\":\"Otro sitio realizado con WordPress\",\"potentialAction\":[{\"@type\":\"SearchAction\",\"target\":{\"@type\":\"EntryPoint\",\"urlTemplate\":\"https:\/\/gabinete.net\/?s={search_term_string}\"},\"query-input\":\"required name=search_term_string\"}],\"inLanguage\":\"es\"},{\"@type\":\"ImageObject\",\"@id\":\"https:\/\/gabinete.net\/es\/matricular-mi-vehiculo-como-historico\/#primaryimage\",\"inLanguage\":\"es\",\"url\":\"https:\/\/gabinete.net\/wp-content\/uploads\/2020\/03\/27-3.jpg\",\"contentUrl\":\"https:\/\/gabinete.net\/wp-content\/uploads\/2020\/03\/27-3.jpg\",\"width\":1920,\"height\":1080},{\"@type\":\"WebPage\",\"@id\":\"https:\/\/gabinete.net\/es\/matricular-mi-vehiculo-como-historico\/#webpage\",\"url\":\"https:\/\/gabinete.net\/es\/matricular-mi-vehiculo-como-historico\/\",\"name\":\"Matricular mi veh\\u00edculo como hist\\u00f3rico - Gabinete\",\"isPartOf\":{\"@id\":\"https:\/\/gabinete.net\/#website\"},\"primaryImageOfPage\":{\"@id\":\"https:\/\/gabinete.net\/es\/matricular-mi-vehiculo-como-historico\/#primaryimage\"},\"datePublished\":\"2017-03-23T12:23:57+00:00\",\"dateModified\":\"2020-03-24T06:36:33+00:00\",\"author\":{\"@id\":\"https:\/\/gabinete.net\/#\/schema\/person\/114c7f352df189fa1740c59e1aaf399b\"},\"breadcrumb\":{\"@id\":\"https:\/\/gabinete.net\/es\/matricular-mi-vehiculo-como-historico\/#breadcrumb\"},\"inLanguage\":\"es\",\"potentialAction\":[{\"@type\":\"ReadAction\",\"target\":[\"https:\/\/gabinete.net\/es\/matricular-mi-vehiculo-como-historico\/\"]}]},{\"@type\":\"BreadcrumbList\",\"@id\":\"https:\/\/gabinete.net\/es\/matricular-mi-vehiculo-como-historico\/#breadcrumb\",\"itemListElement\":[{\"@type\":\"ListItem\",\"position\":1,\"name\":\"Inici\",\"item\":\"https:\/\/gabinete.net\/es\/\"},{\"@type\":\"ListItem\",\"position\":2,\"name\":\"Matricular mi veh\\u00edculo como hist\\u00f3rico\"}]},{\"@type\":\"Person\",\"@id\":\"https:\/\/gabinete.net\/#\/schema\/person\/114c7f352df189fa1740c59e1aaf399b\",\"name\":\"Hern\\u00e1ndez &amp; Vicente\",\"image\":{\"@type\":\"ImageObject\",\"@id\":\"https:\/\/gabinete.net\/#personlogo\",\"inLanguage\":\"es\",\"url\":\"https:\/\/secure.gravatar.com\/avatar\/7c27f531a5f0b8b61666ba5c046c2c31?s=96&d=mm&r=g\",\"contentUrl\":\"https:\/\/secure.gravatar.com\/avatar\/7c27f531a5f0b8b61666ba5c046c2c31?s=96&d=mm&r=g\",\"caption\":\"Hern\\u00e1ndez &amp; Vicente\"}}]}<\/script>\n<!-- \/ Yoast SEO plugin. -->","yoast_head_json":{"title":"Matricular mi veh\u00edculo como hist\u00f3rico - Gabinete","robots":{"index":"index","follow":"follow","max-snippet":"max-snippet:-1","max-image-preview":"max-image-preview:large","max-video-preview":"max-video-preview:-1"},"canonical":"https:\/\/gabinete.net\/es\/matricular-mi-vehiculo-como-historico\/","og_locale":"es_ES","og_type":"article","og_title":"Matricular mi veh\u00edculo como hist\u00f3rico - Gabinete","og_description":"En el art\u00edculo anterior comentamos las nuevas restricciones que van a implantarse en Barcelona y otros Ayuntamientos en relaci\u00f3n a los veh\u00edculos m\u00e1s contaminantes, esto es, los de gasolina matriculados antes del 2000 y los di\u00e9sel anteriores a 2006, cuya prohibici\u00f3n de circular por Barcelona estar\u00e1 vigente partir de 2020. &nbsp; Al margen de las [&hellip;]","og_url":"https:\/\/gabinete.net\/es\/matricular-mi-vehiculo-como-historico\/","og_site_name":"Gabinete","article_publisher":"https:\/\/www.facebook.com\/Gabinete-Jur%c3%addico-Hern%c3%a1ndez-Vicente-SL-850104825098234\/","article_published_time":"2017-03-23T12:23:57+00:00","article_modified_time":"2020-03-24T06:36:33+00:00","og_image":[{"width":1920,"height":1080,"url":"https:\/\/gabinete.net\/wp-content\/uploads\/2020\/03\/27-3.jpg","path":"\/home\/gabinetevp\/www\/wp-content\/uploads\/2020\/03\/27-3.jpg","size":"full","id":1393,"alt":"","pixels":2073600,"type":"image\/jpeg"}],"twitter_card":"summary_large_image","twitter_misc":{"Escrito por":"Hern\u00e1ndez &amp; Vicente","Tiempo de lectura":"2 minutos"},"schema":{"@context":"https:\/\/schema.org","@graph":[{"@type":"WebSite","@id":"https:\/\/gabinete.net\/#website","url":"https:\/\/gabinete.net\/","name":"Gabinete","description":"Otro sitio realizado con WordPress","potentialAction":[{"@type":"SearchAction","target":{"@type":"EntryPoint","urlTemplate":"https:\/\/gabinete.net\/?s={search_term_string}"},"query-input":"required name=search_term_string"}],"inLanguage":"es"},{"@type":"ImageObject","@id":"https:\/\/gabinete.net\/es\/matricular-mi-vehiculo-como-historico\/#primaryimage","inLanguage":"es","url":"https:\/\/gabinete.net\/wp-content\/uploads\/2020\/03\/27-3.jpg","contentUrl":"https:\/\/gabinete.net\/wp-content\/uploads\/2020\/03\/27-3.jpg","width":1920,"height":1080},{"@type":"WebPage","@id":"https:\/\/gabinete.net\/es\/matricular-mi-vehiculo-como-historico\/#webpage","url":"https:\/\/gabinete.net\/es\/matricular-mi-vehiculo-como-historico\/","name":"Matricular mi veh\u00edculo como hist\u00f3rico - Gabinete","isPartOf":{"@id":"https:\/\/gabinete.net\/#website"},"primaryImageOfPage":{"@id":"https:\/\/gabinete.net\/es\/matricular-mi-vehiculo-como-historico\/#primaryimage"},"datePublished":"2017-03-23T12:23:57+00:00","dateModified":"2020-03-24T06:36:33+00:00","author":{"@id":"https:\/\/gabinete.net\/#\/schema\/person\/114c7f352df189fa1740c59e1aaf399b"},"breadcrumb":{"@id":"https:\/\/gabinete.net\/es\/matricular-mi-vehiculo-como-historico\/#breadcrumb"},"inLanguage":"es","potentialAction":[{"@type":"ReadAction","target":["https:\/\/gabinete.net\/es\/matricular-mi-vehiculo-como-historico\/"]}]},{"@type":"BreadcrumbList","@id":"https:\/\/gabinete.net\/es\/matricular-mi-vehiculo-como-historico\/#breadcrumb","itemListElement":[{"@type":"ListItem","position":1,"name":"Inici","item":"https:\/\/gabinete.net\/es\/"},{"@type":"ListItem","position":2,"name":"Matricular mi veh\u00edculo como hist\u00f3rico"}]},{"@type":"Person","@id":"https:\/\/gabinete.net\/#\/schema\/person\/114c7f352df189fa1740c59e1aaf399b","name":"Hern\u00e1ndez &amp; Vicente","image":{"@type":"ImageObject","@id":"https:\/\/gabinete.net\/#personlogo","inLanguage":"es","url":"https:\/\/secure.gravatar.com\/avatar\/7c27f531a5f0b8b61666ba5c046c2c31?s=96&d=mm&r=g","contentUrl":"https:\/\/secure.gravatar.com\/avatar\/7c27f531a5f0b8b61666ba5c046c2c31?s=96&d=mm&r=g","caption":"Hern\u00e1ndez &amp; Vicente"}}]}},"_links":{"self":[{"href":"https:\/\/gabinete.net\/es\/wp-json\/wp\/v2\/posts\/687"}],"collection":[{"href":"https:\/\/gabinete.net\/es\/wp-json\/wp\/v2\/posts"}],"about":[{"href":"https:\/\/gabinete.net\/es\/wp-json\/wp\/v2\/types\/post"}],"author":[{"embeddable":true,"href":"https:\/\/gabinete.net\/es\/wp-json\/wp\/v2\/users\/2"}],"replies":[{"embeddable":true,"href":"https:\/\/gabinete.net\/es\/wp-json\/wp\/v2\/comments?post=687"}],"version-history":[{"count":1,"href":"https:\/\/gabinete.net\/es\/wp-json\/wp\/v2\/posts\/687\/revisions"}],"predecessor-version":[{"id":1657,"href":"https:\/\/gabinete.net\/es\/wp-json\/wp\/v2\/posts\/687\/revisions\/1657"}],"wp:featuredmedia":[{"embeddable":true,"href":"https:\/\/gabinete.net\/es\/wp-json\/wp\/v2\/media\/1393"}],"wp:attachment":[{"href":"https:\/\/gabinete.net\/es\/wp-json\/wp\/v2\/media?parent=687"}],"wp:term":[{"taxonomy":"category","embeddable":true,"href":"https:\/\/gabinete.net\/es\/wp-json\/wp\/v2\/categories?post=687"},{"taxonomy":"post_tag","embeddable":true,"href":"https:\/\/gabinete.net\/es\/wp-json\/wp\/v2\/tags?post=687"}],"curies":[{"name":"wp","href":"https:\/\/api.w.org\/{rel}","templated":true}]}}