{"id":742,"date":"2017-05-26T08:53:41","date_gmt":"2017-05-26T08:53:41","guid":{"rendered":"https:\/\/gabinete.net\/?p=742\/"},"modified":"2020-03-23T17:27:12","modified_gmt":"2020-03-23T17:27:12","slug":"las-secuelas-por-perjuicio-estetico-los-accidentes-trafico","status":"publish","type":"post","link":"https:\/\/gabinete.net\/es\/las-secuelas-por-perjuicio-estetico-los-accidentes-trafico\/","title":{"rendered":"Las secuelas por perjuicio est\u00e9tico en los accidentes de tr\u00e1fico"},"content":{"rendered":"<p>Ante un accidente de circulaci\u00f3n es posible que se sufran heridas o abrasiones de mayor o menor gravedad que, incluso habi\u00e9ndose curado y estabilizado, hayan generado una cicatriz o marca visible en el cuerpo.<\/p>\n<p>Este menoscabo f\u00edsico, que en principio tiene car\u00e1cter permanente, se considera una secuela por perjuicio est\u00e9tico ya que supone un empeoramiento en la imagen de la persona al quedar su f\u00edsico alterado, algo susceptible de ser percibido por los dem\u00e1s e incluso llegar a producir rechazo visual. Por tanto, debe indemnizarse al afectado.<\/p>\n<p>A la hora de valorar el perjuicio est\u00e9tico el Nuevo Baremo de Tr\u00e1fico, aplicado para accidentes que hayan tenido lugar a partir de 2016, determina que hay que atender a unos factores de valoraci\u00f3n como por ejemplo el grado de visibilidad que tiene la secuela, la atracci\u00f3n a la mirada de los dem\u00e1s, la reacci\u00f3n emotiva que provoca y la posibilidad de que altere las relaciones interpersonales del perjudicado.<\/p>\n<p>El Baremo asigna seis categor\u00edas de perjuicio que, ordenadas de menor a mayor, ser\u00edan: ligero, moderado, medio, importante, muy importante e important\u00edsimo. A modo de ejemplo, un perjuicio ligero podr\u00eda ser una cicatriz por abrasi\u00f3n situada en la rodilla, mientras que en la categor\u00eda de important\u00edsimo encontrar\u00edamos grandes quemaduras o alteraciones de la morfolog\u00eda facial o corporal.<\/p>\n<p>Seg\u00fan la ley, a la hora de ver la gravedad de la secuela, no se deber\u00eda tener en cuenta la edad o el sexo, aunque en la pr\u00e1ctica se acaba ponderando y ahondando en el grado de afectaci\u00f3n que tenga la secuela en cada persona determinada. A modo de ejemplo, no supone lo mismo una cicatriz en la frente para un anciano que para una persona joven que trabaje de cara al p\u00fablico.<\/p>\n","protected":false},"excerpt":{"rendered":"<p>Ante un accidente de circulaci\u00f3n es posible que se sufran heridas o abrasiones de mayor o menor gravedad que, incluso habi\u00e9ndose curado y estabilizado, hayan generado una cicatriz o marca visible en el cuerpo. Este menoscabo f\u00edsico, que en principio tiene car\u00e1cter permanente, se considera una secuela por perjuicio est\u00e9tico ya que supone un empeoramiento [&hellip;]<\/p>\n","protected":false},"author":2,"featured_media":1301,"comment_status":"open","ping_status":"open","sticky":false,"template":"","format":"standard","meta":[],"categories":[1,2],"tags":[],"yoast_head":"<!-- This site is optimized with the Yoast SEO plugin v16.7 - https:\/\/yoast.com\/wordpress\/plugins\/seo\/ -->\n<title>Las secuelas por perjuicio est\u00e9tico en los accidentes de tr\u00e1fico - Gabinete<\/title>\n<meta name=\"robots\" content=\"index, follow, max-snippet:-1, max-image-preview:large, max-video-preview:-1\" \/>\n<link rel=\"canonical\" href=\"https:\/\/gabinete.net\/es\/las-secuelas-por-perjuicio-estetico-los-accidentes-trafico\/\" \/>\n<meta property=\"og:locale\" content=\"es_ES\" \/>\n<meta property=\"og:type\" content=\"article\" \/>\n<meta property=\"og:title\" content=\"Las secuelas por perjuicio est\u00e9tico en los accidentes de tr\u00e1fico - Gabinete\" \/>\n<meta property=\"og:description\" content=\"Ante un accidente de circulaci\u00f3n es posible que se sufran heridas o abrasiones de mayor o menor gravedad que, incluso habi\u00e9ndose curado y estabilizado, hayan generado una cicatriz o marca visible en el cuerpo. Este menoscabo f\u00edsico, que en principio tiene car\u00e1cter permanente, se considera una secuela por perjuicio est\u00e9tico ya que supone un empeoramiento [&hellip;]\" \/>\n<meta property=\"og:url\" content=\"https:\/\/gabinete.net\/es\/las-secuelas-por-perjuicio-estetico-los-accidentes-trafico\/\" \/>\n<meta property=\"og:site_name\" content=\"Gabinete\" \/>\n<meta property=\"article:publisher\" content=\"https:\/\/www.facebook.com\/Gabinete-Jur%c3%addico-Hern%c3%a1ndez-Vicente-SL-850104825098234\/\" \/>\n<meta property=\"article:published_time\" content=\"2017-05-26T08:53:41+00:00\" \/>\n<meta property=\"article:modified_time\" content=\"2020-03-23T17:27:12+00:00\" \/>\n<meta property=\"og:image\" content=\"https:\/\/gabinete.net\/wp-content\/uploads\/2020\/03\/1_pexels-photo-125514.jpg\" \/>\n\t<meta property=\"og:image:width\" content=\"1000\" \/>\n\t<meta property=\"og:image:height\" content=\"563\" \/>\n<meta name=\"twitter:card\" content=\"summary_large_image\" \/>\n<meta name=\"twitter:label1\" content=\"Escrito por\" \/>\n\t<meta name=\"twitter:data1\" content=\"Hern\u00e1ndez &amp; Vicente\" \/>\n\t<meta name=\"twitter:label2\" content=\"Tiempo de lectura\" \/>\n\t<meta name=\"twitter:data2\" content=\"2 minutos\" \/>\n<script type=\"application\/ld+json\" class=\"yoast-schema-graph\">{\"@context\":\"https:\/\/schema.org\",\"@graph\":[{\"@type\":\"WebSite\",\"@id\":\"https:\/\/gabinete.net\/#website\",\"url\":\"https:\/\/gabinete.net\/\",\"name\":\"Gabinete\",\"description\":\"Otro sitio realizado con WordPress\",\"potentialAction\":[{\"@type\":\"SearchAction\",\"target\":{\"@type\":\"EntryPoint\",\"urlTemplate\":\"https:\/\/gabinete.net\/?s={search_term_string}\"},\"query-input\":\"required name=search_term_string\"}],\"inLanguage\":\"es\"},{\"@type\":\"ImageObject\",\"@id\":\"https:\/\/gabinete.net\/es\/las-secuelas-por-perjuicio-estetico-los-accidentes-trafico\/#primaryimage\",\"inLanguage\":\"es\",\"url\":\"https:\/\/gabinete.net\/wp-content\/uploads\/2020\/03\/1_pexels-photo-125514.jpg\",\"contentUrl\":\"https:\/\/gabinete.net\/wp-content\/uploads\/2020\/03\/1_pexels-photo-125514.jpg\",\"width\":1000,\"height\":563},{\"@type\":\"WebPage\",\"@id\":\"https:\/\/gabinete.net\/es\/las-secuelas-por-perjuicio-estetico-los-accidentes-trafico\/#webpage\",\"url\":\"https:\/\/gabinete.net\/es\/las-secuelas-por-perjuicio-estetico-los-accidentes-trafico\/\",\"name\":\"Las secuelas por perjuicio est\\u00e9tico en los accidentes de tr\\u00e1fico - Gabinete\",\"isPartOf\":{\"@id\":\"https:\/\/gabinete.net\/#website\"},\"primaryImageOfPage\":{\"@id\":\"https:\/\/gabinete.net\/es\/las-secuelas-por-perjuicio-estetico-los-accidentes-trafico\/#primaryimage\"},\"datePublished\":\"2017-05-26T08:53:41+00:00\",\"dateModified\":\"2020-03-23T17:27:12+00:00\",\"author\":{\"@id\":\"https:\/\/gabinete.net\/#\/schema\/person\/114c7f352df189fa1740c59e1aaf399b\"},\"breadcrumb\":{\"@id\":\"https:\/\/gabinete.net\/es\/las-secuelas-por-perjuicio-estetico-los-accidentes-trafico\/#breadcrumb\"},\"inLanguage\":\"es\",\"potentialAction\":[{\"@type\":\"ReadAction\",\"target\":[\"https:\/\/gabinete.net\/es\/las-secuelas-por-perjuicio-estetico-los-accidentes-trafico\/\"]}]},{\"@type\":\"BreadcrumbList\",\"@id\":\"https:\/\/gabinete.net\/es\/las-secuelas-por-perjuicio-estetico-los-accidentes-trafico\/#breadcrumb\",\"itemListElement\":[{\"@type\":\"ListItem\",\"position\":1,\"name\":\"Inici\",\"item\":\"https:\/\/gabinete.net\/es\/\"},{\"@type\":\"ListItem\",\"position\":2,\"name\":\"Las secuelas por perjuicio est\\u00e9tico en los accidentes de tr\\u00e1fico\"}]},{\"@type\":\"Person\",\"@id\":\"https:\/\/gabinete.net\/#\/schema\/person\/114c7f352df189fa1740c59e1aaf399b\",\"name\":\"Hern\\u00e1ndez &amp; Vicente\",\"image\":{\"@type\":\"ImageObject\",\"@id\":\"https:\/\/gabinete.net\/#personlogo\",\"inLanguage\":\"es\",\"url\":\"https:\/\/secure.gravatar.com\/avatar\/7c27f531a5f0b8b61666ba5c046c2c31?s=96&d=mm&r=g\",\"contentUrl\":\"https:\/\/secure.gravatar.com\/avatar\/7c27f531a5f0b8b61666ba5c046c2c31?s=96&d=mm&r=g\",\"caption\":\"Hern\\u00e1ndez &amp; Vicente\"}}]}<\/script>\n<!-- \/ Yoast SEO plugin. -->","yoast_head_json":{"title":"Las secuelas por perjuicio est\u00e9tico en los accidentes de tr\u00e1fico - Gabinete","robots":{"index":"index","follow":"follow","max-snippet":"max-snippet:-1","max-image-preview":"max-image-preview:large","max-video-preview":"max-video-preview:-1"},"canonical":"https:\/\/gabinete.net\/es\/las-secuelas-por-perjuicio-estetico-los-accidentes-trafico\/","og_locale":"es_ES","og_type":"article","og_title":"Las secuelas por perjuicio est\u00e9tico en los accidentes de tr\u00e1fico - Gabinete","og_description":"Ante un accidente de circulaci\u00f3n es posible que se sufran heridas o abrasiones de mayor o menor gravedad que, incluso habi\u00e9ndose curado y estabilizado, hayan generado una cicatriz o marca visible en el cuerpo. Este menoscabo f\u00edsico, que en principio tiene car\u00e1cter permanente, se considera una secuela por perjuicio est\u00e9tico ya que supone un empeoramiento [&hellip;]","og_url":"https:\/\/gabinete.net\/es\/las-secuelas-por-perjuicio-estetico-los-accidentes-trafico\/","og_site_name":"Gabinete","article_publisher":"https:\/\/www.facebook.com\/Gabinete-Jur%c3%addico-Hern%c3%a1ndez-Vicente-SL-850104825098234\/","article_published_time":"2017-05-26T08:53:41+00:00","article_modified_time":"2020-03-23T17:27:12+00:00","og_image":[{"width":1000,"height":563,"url":"https:\/\/gabinete.net\/wp-content\/uploads\/2020\/03\/1_pexels-photo-125514.jpg","path":"\/home\/gabinetevp\/www\/wp-content\/uploads\/2020\/03\/1_pexels-photo-125514.jpg","size":"full","id":1301,"alt":"","pixels":563000,"type":"image\/jpeg"}],"twitter_card":"summary_large_image","twitter_misc":{"Escrito por":"Hern\u00e1ndez &amp; Vicente","Tiempo de lectura":"2 minutos"},"schema":{"@context":"https:\/\/schema.org","@graph":[{"@type":"WebSite","@id":"https:\/\/gabinete.net\/#website","url":"https:\/\/gabinete.net\/","name":"Gabinete","description":"Otro sitio realizado con WordPress","potentialAction":[{"@type":"SearchAction","target":{"@type":"EntryPoint","urlTemplate":"https:\/\/gabinete.net\/?s={search_term_string}"},"query-input":"required name=search_term_string"}],"inLanguage":"es"},{"@type":"ImageObject","@id":"https:\/\/gabinete.net\/es\/las-secuelas-por-perjuicio-estetico-los-accidentes-trafico\/#primaryimage","inLanguage":"es","url":"https:\/\/gabinete.net\/wp-content\/uploads\/2020\/03\/1_pexels-photo-125514.jpg","contentUrl":"https:\/\/gabinete.net\/wp-content\/uploads\/2020\/03\/1_pexels-photo-125514.jpg","width":1000,"height":563},{"@type":"WebPage","@id":"https:\/\/gabinete.net\/es\/las-secuelas-por-perjuicio-estetico-los-accidentes-trafico\/#webpage","url":"https:\/\/gabinete.net\/es\/las-secuelas-por-perjuicio-estetico-los-accidentes-trafico\/","name":"Las secuelas por perjuicio est\u00e9tico en los accidentes de tr\u00e1fico - Gabinete","isPartOf":{"@id":"https:\/\/gabinete.net\/#website"},"primaryImageOfPage":{"@id":"https:\/\/gabinete.net\/es\/las-secuelas-por-perjuicio-estetico-los-accidentes-trafico\/#primaryimage"},"datePublished":"2017-05-26T08:53:41+00:00","dateModified":"2020-03-23T17:27:12+00:00","author":{"@id":"https:\/\/gabinete.net\/#\/schema\/person\/114c7f352df189fa1740c59e1aaf399b"},"breadcrumb":{"@id":"https:\/\/gabinete.net\/es\/las-secuelas-por-perjuicio-estetico-los-accidentes-trafico\/#breadcrumb"},"inLanguage":"es","potentialAction":[{"@type":"ReadAction","target":["https:\/\/gabinete.net\/es\/las-secuelas-por-perjuicio-estetico-los-accidentes-trafico\/"]}]},{"@type":"BreadcrumbList","@id":"https:\/\/gabinete.net\/es\/las-secuelas-por-perjuicio-estetico-los-accidentes-trafico\/#breadcrumb","itemListElement":[{"@type":"ListItem","position":1,"name":"Inici","item":"https:\/\/gabinete.net\/es\/"},{"@type":"ListItem","position":2,"name":"Las secuelas por perjuicio est\u00e9tico en los accidentes de tr\u00e1fico"}]},{"@type":"Person","@id":"https:\/\/gabinete.net\/#\/schema\/person\/114c7f352df189fa1740c59e1aaf399b","name":"Hern\u00e1ndez &amp; Vicente","image":{"@type":"ImageObject","@id":"https:\/\/gabinete.net\/#personlogo","inLanguage":"es","url":"https:\/\/secure.gravatar.com\/avatar\/7c27f531a5f0b8b61666ba5c046c2c31?s=96&d=mm&r=g","contentUrl":"https:\/\/secure.gravatar.com\/avatar\/7c27f531a5f0b8b61666ba5c046c2c31?s=96&d=mm&r=g","caption":"Hern\u00e1ndez &amp; Vicente"}}]}},"_links":{"self":[{"href":"https:\/\/gabinete.net\/es\/wp-json\/wp\/v2\/posts\/742"}],"collection":[{"href":"https:\/\/gabinete.net\/es\/wp-json\/wp\/v2\/posts"}],"about":[{"href":"https:\/\/gabinete.net\/es\/wp-json\/wp\/v2\/types\/post"}],"author":[{"embeddable":true,"href":"https:\/\/gabinete.net\/es\/wp-json\/wp\/v2\/users\/2"}],"replies":[{"embeddable":true,"href":"https:\/\/gabinete.net\/es\/wp-json\/wp\/v2\/comments?post=742"}],"version-history":[{"count":1,"href":"https:\/\/gabinete.net\/es\/wp-json\/wp\/v2\/posts\/742\/revisions"}],"predecessor-version":[{"id":1632,"href":"https:\/\/gabinete.net\/es\/wp-json\/wp\/v2\/posts\/742\/revisions\/1632"}],"wp:featuredmedia":[{"embeddable":true,"href":"https:\/\/gabinete.net\/es\/wp-json\/wp\/v2\/media\/1301"}],"wp:attachment":[{"href":"https:\/\/gabinete.net\/es\/wp-json\/wp\/v2\/media?parent=742"}],"wp:term":[{"taxonomy":"category","embeddable":true,"href":"https:\/\/gabinete.net\/es\/wp-json\/wp\/v2\/categories?post=742"},{"taxonomy":"post_tag","embeddable":true,"href":"https:\/\/gabinete.net\/es\/wp-json\/wp\/v2\/tags?post=742"}],"curies":[{"name":"wp","href":"https:\/\/api.w.org\/{rel}","templated":true}]}}