{"id":744,"date":"2017-06-02T08:55:17","date_gmt":"2017-06-02T08:55:17","guid":{"rendered":"https:\/\/gabinete.net\/?p=744\/"},"modified":"2020-03-23T17:26:51","modified_gmt":"2020-03-23T17:26:51","slug":"complemento-por-maternidad","status":"publish","type":"post","link":"https:\/\/gabinete.net\/es\/complemento-por-maternidad\/","title":{"rendered":"El complemento por maternidad"},"content":{"rendered":"<p>El complemento por maternidad es un incremento aplicable a las pensiones contributivas de viudedad, jubilaci\u00f3n o incapacidad permanente al cual pueden optar las mujeres que hayan tenido dos o mas hijos naturales o adoptados a lo largo de su vida y se puede solicitar por las pensiones reconocidas a partir del 1 de enero de 2016.<\/p>\n<p>Es un tipo de reconocimiento por la aportaci\u00f3n demogr\u00e1fica que han realizado las madres trabajadoras y tambi\u00e9n pretende corregir la diferencia econ\u00f3mica existente entre hombres y mujeres. En caso de haber tenido dos hijos corresponde un incremento del 5%; en caso de haber tenido tres corresponde un 10% y en caso de cuatro o m\u00e1s hijos se aplicar\u00e1 un 15%.<\/p>\n<p>Es importante determinar que la ley no diferencia entre s\u00ed son hijos naturales o adoptados, s\u00f3lo se exige que el nacimiento o adopci\u00f3n se haya producido antes del hecho causante que origina la pensi\u00f3n. Es decir, antes de jubilarse, antes de quedarse viuda (en el caso de la pensi\u00f3n de viudedad) o antes del momento en que no pueda trabajar debido a una invalidez (en el caso de una pensi\u00f3n de incapacidad).<\/p>\n<p>Hay que conocer algunas especialidades como, por ejemplo, que en los casos de jubilaci\u00f3n anticipada por voluntad de la trabajadora no se puede solicitar el complemento. En cambio, si la jubilaci\u00f3n anticipada viene dada por causa ajena a su voluntad, como por ejemplo en caso de despido, si se puede. A la jubilaci\u00f3n parcial no se reconocer\u00e1 el complemento, pero cuando se pase a la jubilaci\u00f3n llena s\u00ed se podr\u00e1 solicitar.<\/p>\n<p>Este complemento ha tenido un buen recibimiento pero tambi\u00e9n ha sufrido cr\u00edticas por el hecho de dejar fuera de su \u00e1mbito a muchas mujeres que, a pesar de tener dos o m\u00e1s hijos, ya tramitaron su pensi\u00f3n antes del 1 de enero de 2016.<\/p>\n","protected":false},"excerpt":{"rendered":"<p>El complemento por maternidad es un incremento aplicable a las pensiones contributivas de viudedad, jubilaci\u00f3n o incapacidad permanente al cual pueden optar las mujeres que hayan tenido dos o mas hijos naturales o adoptados a lo largo de su vida y se puede solicitar por las pensiones reconocidas a partir del 1 de enero de [&hellip;]<\/p>\n","protected":false},"author":2,"featured_media":1319,"comment_status":"open","ping_status":"open","sticky":false,"template":"","format":"standard","meta":[],"categories":[1,2],"tags":[],"yoast_head":"<!-- This site is optimized with the Yoast SEO plugin v16.7 - https:\/\/yoast.com\/wordpress\/plugins\/seo\/ -->\n<title>El complemento por maternidad - Gabinete<\/title>\n<meta name=\"robots\" content=\"index, follow, max-snippet:-1, max-image-preview:large, max-video-preview:-1\" \/>\n<link rel=\"canonical\" href=\"https:\/\/gabinete.net\/es\/complemento-por-maternidad\/\" \/>\n<meta property=\"og:locale\" content=\"es_ES\" \/>\n<meta property=\"og:type\" content=\"article\" \/>\n<meta property=\"og:title\" content=\"El complemento por maternidad - Gabinete\" \/>\n<meta property=\"og:description\" content=\"El complemento por maternidad es un incremento aplicable a las pensiones contributivas de viudedad, jubilaci\u00f3n o incapacidad permanente al cual pueden optar las mujeres que hayan tenido dos o mas hijos naturales o adoptados a lo largo de su vida y se puede solicitar por las pensiones reconocidas a partir del 1 de enero de [&hellip;]\" \/>\n<meta property=\"og:url\" content=\"https:\/\/gabinete.net\/es\/complemento-por-maternidad\/\" \/>\n<meta property=\"og:site_name\" content=\"Gabinete\" \/>\n<meta property=\"article:publisher\" content=\"https:\/\/www.facebook.com\/Gabinete-Jur%c3%addico-Hern%c3%a1ndez-Vicente-SL-850104825098234\/\" \/>\n<meta property=\"article:published_time\" content=\"2017-06-02T08:55:17+00:00\" \/>\n<meta property=\"article:modified_time\" content=\"2020-03-23T17:26:51+00:00\" \/>\n<meta property=\"og:image\" content=\"https:\/\/gabinete.net\/wp-content\/uploads\/2020\/03\/2_baby-baby-with-mom-mother-kiss-tenderness-67663.jpg\" \/>\n\t<meta property=\"og:image:width\" content=\"1000\" \/>\n\t<meta property=\"og:image:height\" content=\"648\" \/>\n<meta name=\"twitter:card\" content=\"summary_large_image\" \/>\n<meta name=\"twitter:label1\" content=\"Escrito por\" \/>\n\t<meta name=\"twitter:data1\" content=\"Hern\u00e1ndez &amp; Vicente\" \/>\n\t<meta name=\"twitter:label2\" content=\"Tiempo de lectura\" \/>\n\t<meta name=\"twitter:data2\" content=\"2 minutos\" \/>\n<script type=\"application\/ld+json\" class=\"yoast-schema-graph\">{\"@context\":\"https:\/\/schema.org\",\"@graph\":[{\"@type\":\"WebSite\",\"@id\":\"https:\/\/gabinete.net\/#website\",\"url\":\"https:\/\/gabinete.net\/\",\"name\":\"Gabinete\",\"description\":\"Otro sitio realizado con WordPress\",\"potentialAction\":[{\"@type\":\"SearchAction\",\"target\":{\"@type\":\"EntryPoint\",\"urlTemplate\":\"https:\/\/gabinete.net\/?s={search_term_string}\"},\"query-input\":\"required name=search_term_string\"}],\"inLanguage\":\"es\"},{\"@type\":\"ImageObject\",\"@id\":\"https:\/\/gabinete.net\/es\/complemento-por-maternidad\/#primaryimage\",\"inLanguage\":\"es\",\"url\":\"https:\/\/gabinete.net\/wp-content\/uploads\/2020\/03\/2_baby-baby-with-mom-mother-kiss-tenderness-67663.jpg\",\"contentUrl\":\"https:\/\/gabinete.net\/wp-content\/uploads\/2020\/03\/2_baby-baby-with-mom-mother-kiss-tenderness-67663.jpg\",\"width\":1000,\"height\":648},{\"@type\":\"WebPage\",\"@id\":\"https:\/\/gabinete.net\/es\/complemento-por-maternidad\/#webpage\",\"url\":\"https:\/\/gabinete.net\/es\/complemento-por-maternidad\/\",\"name\":\"El complemento por maternidad - Gabinete\",\"isPartOf\":{\"@id\":\"https:\/\/gabinete.net\/#website\"},\"primaryImageOfPage\":{\"@id\":\"https:\/\/gabinete.net\/es\/complemento-por-maternidad\/#primaryimage\"},\"datePublished\":\"2017-06-02T08:55:17+00:00\",\"dateModified\":\"2020-03-23T17:26:51+00:00\",\"author\":{\"@id\":\"https:\/\/gabinete.net\/#\/schema\/person\/114c7f352df189fa1740c59e1aaf399b\"},\"breadcrumb\":{\"@id\":\"https:\/\/gabinete.net\/es\/complemento-por-maternidad\/#breadcrumb\"},\"inLanguage\":\"es\",\"potentialAction\":[{\"@type\":\"ReadAction\",\"target\":[\"https:\/\/gabinete.net\/es\/complemento-por-maternidad\/\"]}]},{\"@type\":\"BreadcrumbList\",\"@id\":\"https:\/\/gabinete.net\/es\/complemento-por-maternidad\/#breadcrumb\",\"itemListElement\":[{\"@type\":\"ListItem\",\"position\":1,\"name\":\"Inici\",\"item\":\"https:\/\/gabinete.net\/es\/\"},{\"@type\":\"ListItem\",\"position\":2,\"name\":\"El complemento por maternidad\"}]},{\"@type\":\"Person\",\"@id\":\"https:\/\/gabinete.net\/#\/schema\/person\/114c7f352df189fa1740c59e1aaf399b\",\"name\":\"Hern\\u00e1ndez &amp; Vicente\",\"image\":{\"@type\":\"ImageObject\",\"@id\":\"https:\/\/gabinete.net\/#personlogo\",\"inLanguage\":\"es\",\"url\":\"https:\/\/secure.gravatar.com\/avatar\/7c27f531a5f0b8b61666ba5c046c2c31?s=96&d=mm&r=g\",\"contentUrl\":\"https:\/\/secure.gravatar.com\/avatar\/7c27f531a5f0b8b61666ba5c046c2c31?s=96&d=mm&r=g\",\"caption\":\"Hern\\u00e1ndez &amp; Vicente\"}}]}<\/script>\n<!-- \/ Yoast SEO plugin. -->","yoast_head_json":{"title":"El complemento por maternidad - Gabinete","robots":{"index":"index","follow":"follow","max-snippet":"max-snippet:-1","max-image-preview":"max-image-preview:large","max-video-preview":"max-video-preview:-1"},"canonical":"https:\/\/gabinete.net\/es\/complemento-por-maternidad\/","og_locale":"es_ES","og_type":"article","og_title":"El complemento por maternidad - Gabinete","og_description":"El complemento por maternidad es un incremento aplicable a las pensiones contributivas de viudedad, jubilaci\u00f3n o incapacidad permanente al cual pueden optar las mujeres que hayan tenido dos o mas hijos naturales o adoptados a lo largo de su vida y se puede solicitar por las pensiones reconocidas a partir del 1 de enero de [&hellip;]","og_url":"https:\/\/gabinete.net\/es\/complemento-por-maternidad\/","og_site_name":"Gabinete","article_publisher":"https:\/\/www.facebook.com\/Gabinete-Jur%c3%addico-Hern%c3%a1ndez-Vicente-SL-850104825098234\/","article_published_time":"2017-06-02T08:55:17+00:00","article_modified_time":"2020-03-23T17:26:51+00:00","og_image":[{"width":1000,"height":648,"url":"https:\/\/gabinete.net\/wp-content\/uploads\/2020\/03\/2_baby-baby-with-mom-mother-kiss-tenderness-67663.jpg","path":"\/home\/gabinetevp\/www\/wp-content\/uploads\/2020\/03\/2_baby-baby-with-mom-mother-kiss-tenderness-67663.jpg","size":"full","id":1319,"alt":"","pixels":648000,"type":"image\/jpeg"}],"twitter_card":"summary_large_image","twitter_misc":{"Escrito por":"Hern\u00e1ndez &amp; Vicente","Tiempo de lectura":"2 minutos"},"schema":{"@context":"https:\/\/schema.org","@graph":[{"@type":"WebSite","@id":"https:\/\/gabinete.net\/#website","url":"https:\/\/gabinete.net\/","name":"Gabinete","description":"Otro sitio realizado con WordPress","potentialAction":[{"@type":"SearchAction","target":{"@type":"EntryPoint","urlTemplate":"https:\/\/gabinete.net\/?s={search_term_string}"},"query-input":"required name=search_term_string"}],"inLanguage":"es"},{"@type":"ImageObject","@id":"https:\/\/gabinete.net\/es\/complemento-por-maternidad\/#primaryimage","inLanguage":"es","url":"https:\/\/gabinete.net\/wp-content\/uploads\/2020\/03\/2_baby-baby-with-mom-mother-kiss-tenderness-67663.jpg","contentUrl":"https:\/\/gabinete.net\/wp-content\/uploads\/2020\/03\/2_baby-baby-with-mom-mother-kiss-tenderness-67663.jpg","width":1000,"height":648},{"@type":"WebPage","@id":"https:\/\/gabinete.net\/es\/complemento-por-maternidad\/#webpage","url":"https:\/\/gabinete.net\/es\/complemento-por-maternidad\/","name":"El complemento por maternidad - Gabinete","isPartOf":{"@id":"https:\/\/gabinete.net\/#website"},"primaryImageOfPage":{"@id":"https:\/\/gabinete.net\/es\/complemento-por-maternidad\/#primaryimage"},"datePublished":"2017-06-02T08:55:17+00:00","dateModified":"2020-03-23T17:26:51+00:00","author":{"@id":"https:\/\/gabinete.net\/#\/schema\/person\/114c7f352df189fa1740c59e1aaf399b"},"breadcrumb":{"@id":"https:\/\/gabinete.net\/es\/complemento-por-maternidad\/#breadcrumb"},"inLanguage":"es","potentialAction":[{"@type":"ReadAction","target":["https:\/\/gabinete.net\/es\/complemento-por-maternidad\/"]}]},{"@type":"BreadcrumbList","@id":"https:\/\/gabinete.net\/es\/complemento-por-maternidad\/#breadcrumb","itemListElement":[{"@type":"ListItem","position":1,"name":"Inici","item":"https:\/\/gabinete.net\/es\/"},{"@type":"ListItem","position":2,"name":"El complemento por maternidad"}]},{"@type":"Person","@id":"https:\/\/gabinete.net\/#\/schema\/person\/114c7f352df189fa1740c59e1aaf399b","name":"Hern\u00e1ndez &amp; Vicente","image":{"@type":"ImageObject","@id":"https:\/\/gabinete.net\/#personlogo","inLanguage":"es","url":"https:\/\/secure.gravatar.com\/avatar\/7c27f531a5f0b8b61666ba5c046c2c31?s=96&d=mm&r=g","contentUrl":"https:\/\/secure.gravatar.com\/avatar\/7c27f531a5f0b8b61666ba5c046c2c31?s=96&d=mm&r=g","caption":"Hern\u00e1ndez &amp; Vicente"}}]}},"_links":{"self":[{"href":"https:\/\/gabinete.net\/es\/wp-json\/wp\/v2\/posts\/744"}],"collection":[{"href":"https:\/\/gabinete.net\/es\/wp-json\/wp\/v2\/posts"}],"about":[{"href":"https:\/\/gabinete.net\/es\/wp-json\/wp\/v2\/types\/post"}],"author":[{"embeddable":true,"href":"https:\/\/gabinete.net\/es\/wp-json\/wp\/v2\/users\/2"}],"replies":[{"embeddable":true,"href":"https:\/\/gabinete.net\/es\/wp-json\/wp\/v2\/comments?post=744"}],"version-history":[{"count":1,"href":"https:\/\/gabinete.net\/es\/wp-json\/wp\/v2\/posts\/744\/revisions"}],"predecessor-version":[{"id":1631,"href":"https:\/\/gabinete.net\/es\/wp-json\/wp\/v2\/posts\/744\/revisions\/1631"}],"wp:featuredmedia":[{"embeddable":true,"href":"https:\/\/gabinete.net\/es\/wp-json\/wp\/v2\/media\/1319"}],"wp:attachment":[{"href":"https:\/\/gabinete.net\/es\/wp-json\/wp\/v2\/media?parent=744"}],"wp:term":[{"taxonomy":"category","embeddable":true,"href":"https:\/\/gabinete.net\/es\/wp-json\/wp\/v2\/categories?post=744"},{"taxonomy":"post_tag","embeddable":true,"href":"https:\/\/gabinete.net\/es\/wp-json\/wp\/v2\/tags?post=744"}],"curies":[{"name":"wp","href":"https:\/\/api.w.org\/{rel}","templated":true}]}}