{"id":789,"date":"2017-09-17T12:35:20","date_gmt":"2017-09-17T12:35:20","guid":{"rendered":"https:\/\/gabinete.net\/?p=789\/"},"modified":"2020-03-23T17:19:24","modified_gmt":"2020-03-23T17:19:24","slug":"las-excedencias-laborales-y-especial-excedencia-por-cuidado-familiares","status":"publish","type":"post","link":"https:\/\/gabinete.net\/es\/las-excedencias-laborales-y-especial-excedencia-por-cuidado-familiares\/","title":{"rendered":"Las excedencias laborales y, en especial, la excedencia por cuidado de familiares"},"content":{"rendered":"<p>Las situaciones de excedencia son aquellas donde el contrato laboral de un asalariado queda suspendido a petici\u00f3n del mismo trabajador.<\/p>\n<p>Existen dos grandes clases de situaciones de excedencia. Por un lado la forzosa, donde el trabajador la pide por haber sido elegido para ejercer un cargo p\u00fablico o realizar funciones sindicales y, por otro lado, la excedencia voluntaria que puede ser solicitada por cualquier trabajador con una antig\u00fcedad m\u00ednima de un a\u00f1o.<\/p>\n<p>La gran diferencia entre ambas es que en la forzosa se reserva directamente el puesto de trabajo para cuando el trabajador vuelva, mientras que en la voluntaria lo \u00fanico que se reserva es un derecho preferente a volver a entrar en la empresa cuando haya un puesto vacante.<\/p>\n<p>Al margen de estas dos modalidades existe la excedencia por cuidado de familiar que suele pedirse para cuidar a hijos menores de tres a\u00f1os o bien para cuidar familiares hasta el segundo grado de consanguinidad o afinidad.<\/p>\n<p>En el primer caso la excedencia podr\u00e1 tener una duraci\u00f3n m\u00e1xima de tres a\u00f1os, sea el hijo natural o adoptado. En el segundo supuesto se requiere que el familiar no pueda valerse por s\u00ed mismo y que no desempe\u00f1e ninguna actividad retribuida y la excedencia podr\u00e1 durar dos a\u00f1os como m\u00e1ximo.<\/p>\n<p>Cabe recordar que esta excedencia computa a efectos de antig\u00fcedad y durante el primer a\u00f1o el trabajador tendr\u00e1 derecho a reservar su puesto de trabajo. Durante el 2\u00ba y 3r a\u00f1o la reserva ser\u00e1 para un puesto de trabajo del mismo grupo o categor\u00eda profesional. Y en ning\u00fan caso puede el trabajador ser despedido por solicitar y disfrutar la excedencia, siendo considerado el despido nulo por vulneraci\u00f3n de derechos fundamentales.<\/p>\n","protected":false},"excerpt":{"rendered":"<p>Las situaciones de excedencia son aquellas donde el contrato laboral de un asalariado queda suspendido a petici\u00f3n del mismo trabajador. Existen dos grandes clases de situaciones de excedencia. Por un lado la forzosa, donde el trabajador la pide por haber sido elegido para ejercer un cargo p\u00fablico o realizar funciones sindicales y, por otro lado, [&hellip;]<\/p>\n","protected":false},"author":2,"featured_media":1371,"comment_status":"open","ping_status":"open","sticky":false,"template":"","format":"standard","meta":[],"categories":[1,2],"tags":[],"yoast_head":"<!-- This site is optimized with the Yoast SEO plugin v16.7 - https:\/\/yoast.com\/wordpress\/plugins\/seo\/ -->\n<title>Las excedencias laborales y, en especial, la excedencia por cuidado de familiares - Gabinete<\/title>\n<meta name=\"robots\" content=\"index, follow, max-snippet:-1, max-image-preview:large, max-video-preview:-1\" \/>\n<link rel=\"canonical\" href=\"https:\/\/gabinete.net\/es\/las-excedencias-laborales-y-especial-excedencia-por-cuidado-familiares\/\" \/>\n<meta property=\"og:locale\" content=\"es_ES\" \/>\n<meta property=\"og:type\" content=\"article\" \/>\n<meta property=\"og:title\" content=\"Las excedencias laborales y, en especial, la excedencia por cuidado de familiares - Gabinete\" \/>\n<meta property=\"og:description\" content=\"Las situaciones de excedencia son aquellas donde el contrato laboral de un asalariado queda suspendido a petici\u00f3n del mismo trabajador. Existen dos grandes clases de situaciones de excedencia. Por un lado la forzosa, donde el trabajador la pide por haber sido elegido para ejercer un cargo p\u00fablico o realizar funciones sindicales y, por otro lado, [&hellip;]\" \/>\n<meta property=\"og:url\" content=\"https:\/\/gabinete.net\/es\/las-excedencias-laborales-y-especial-excedencia-por-cuidado-familiares\/\" \/>\n<meta property=\"og:site_name\" content=\"Gabinete\" \/>\n<meta property=\"article:publisher\" content=\"https:\/\/www.facebook.com\/Gabinete-Jur%c3%addico-Hern%c3%a1ndez-Vicente-SL-850104825098234\/\" \/>\n<meta property=\"article:published_time\" content=\"2017-09-17T12:35:20+00:00\" \/>\n<meta property=\"article:modified_time\" content=\"2020-03-23T17:19:24+00:00\" \/>\n<meta property=\"og:image\" content=\"https:\/\/gabinete.net\/wp-content\/uploads\/2020\/03\/5.jpg\" \/>\n\t<meta property=\"og:image:width\" content=\"1000\" \/>\n\t<meta property=\"og:image:height\" content=\"667\" \/>\n<meta name=\"twitter:card\" content=\"summary_large_image\" \/>\n<meta name=\"twitter:label1\" content=\"Escrito por\" \/>\n\t<meta name=\"twitter:data1\" content=\"Hern\u00e1ndez &amp; Vicente\" \/>\n\t<meta name=\"twitter:label2\" content=\"Tiempo de lectura\" \/>\n\t<meta name=\"twitter:data2\" content=\"1 minuto\" \/>\n<script type=\"application\/ld+json\" class=\"yoast-schema-graph\">{\"@context\":\"https:\/\/schema.org\",\"@graph\":[{\"@type\":\"WebSite\",\"@id\":\"https:\/\/gabinete.net\/#website\",\"url\":\"https:\/\/gabinete.net\/\",\"name\":\"Gabinete\",\"description\":\"Otro sitio realizado con WordPress\",\"potentialAction\":[{\"@type\":\"SearchAction\",\"target\":{\"@type\":\"EntryPoint\",\"urlTemplate\":\"https:\/\/gabinete.net\/?s={search_term_string}\"},\"query-input\":\"required name=search_term_string\"}],\"inLanguage\":\"es\"},{\"@type\":\"ImageObject\",\"@id\":\"https:\/\/gabinete.net\/es\/las-excedencias-laborales-y-especial-excedencia-por-cuidado-familiares\/#primaryimage\",\"inLanguage\":\"es\",\"url\":\"https:\/\/gabinete.net\/wp-content\/uploads\/2020\/03\/5.jpg\",\"contentUrl\":\"https:\/\/gabinete.net\/wp-content\/uploads\/2020\/03\/5.jpg\",\"width\":1000,\"height\":667,\"caption\":\"Processed with VSCO with a6 preset\"},{\"@type\":\"WebPage\",\"@id\":\"https:\/\/gabinete.net\/es\/las-excedencias-laborales-y-especial-excedencia-por-cuidado-familiares\/#webpage\",\"url\":\"https:\/\/gabinete.net\/es\/las-excedencias-laborales-y-especial-excedencia-por-cuidado-familiares\/\",\"name\":\"Las excedencias laborales y, en especial, la excedencia por cuidado de familiares - Gabinete\",\"isPartOf\":{\"@id\":\"https:\/\/gabinete.net\/#website\"},\"primaryImageOfPage\":{\"@id\":\"https:\/\/gabinete.net\/es\/las-excedencias-laborales-y-especial-excedencia-por-cuidado-familiares\/#primaryimage\"},\"datePublished\":\"2017-09-17T12:35:20+00:00\",\"dateModified\":\"2020-03-23T17:19:24+00:00\",\"author\":{\"@id\":\"https:\/\/gabinete.net\/#\/schema\/person\/114c7f352df189fa1740c59e1aaf399b\"},\"breadcrumb\":{\"@id\":\"https:\/\/gabinete.net\/es\/las-excedencias-laborales-y-especial-excedencia-por-cuidado-familiares\/#breadcrumb\"},\"inLanguage\":\"es\",\"potentialAction\":[{\"@type\":\"ReadAction\",\"target\":[\"https:\/\/gabinete.net\/es\/las-excedencias-laborales-y-especial-excedencia-por-cuidado-familiares\/\"]}]},{\"@type\":\"BreadcrumbList\",\"@id\":\"https:\/\/gabinete.net\/es\/las-excedencias-laborales-y-especial-excedencia-por-cuidado-familiares\/#breadcrumb\",\"itemListElement\":[{\"@type\":\"ListItem\",\"position\":1,\"name\":\"Inici\",\"item\":\"https:\/\/gabinete.net\/es\/\"},{\"@type\":\"ListItem\",\"position\":2,\"name\":\"Las excedencias laborales y, en especial, la excedencia por cuidado de familiares\"}]},{\"@type\":\"Person\",\"@id\":\"https:\/\/gabinete.net\/#\/schema\/person\/114c7f352df189fa1740c59e1aaf399b\",\"name\":\"Hern\\u00e1ndez &amp; Vicente\",\"image\":{\"@type\":\"ImageObject\",\"@id\":\"https:\/\/gabinete.net\/#personlogo\",\"inLanguage\":\"es\",\"url\":\"https:\/\/secure.gravatar.com\/avatar\/7c27f531a5f0b8b61666ba5c046c2c31?s=96&d=mm&r=g\",\"contentUrl\":\"https:\/\/secure.gravatar.com\/avatar\/7c27f531a5f0b8b61666ba5c046c2c31?s=96&d=mm&r=g\",\"caption\":\"Hern\\u00e1ndez &amp; Vicente\"}}]}<\/script>\n<!-- \/ Yoast SEO plugin. -->","yoast_head_json":{"title":"Las excedencias laborales y, en especial, la excedencia por cuidado de familiares - Gabinete","robots":{"index":"index","follow":"follow","max-snippet":"max-snippet:-1","max-image-preview":"max-image-preview:large","max-video-preview":"max-video-preview:-1"},"canonical":"https:\/\/gabinete.net\/es\/las-excedencias-laborales-y-especial-excedencia-por-cuidado-familiares\/","og_locale":"es_ES","og_type":"article","og_title":"Las excedencias laborales y, en especial, la excedencia por cuidado de familiares - Gabinete","og_description":"Las situaciones de excedencia son aquellas donde el contrato laboral de un asalariado queda suspendido a petici\u00f3n del mismo trabajador. Existen dos grandes clases de situaciones de excedencia. Por un lado la forzosa, donde el trabajador la pide por haber sido elegido para ejercer un cargo p\u00fablico o realizar funciones sindicales y, por otro lado, [&hellip;]","og_url":"https:\/\/gabinete.net\/es\/las-excedencias-laborales-y-especial-excedencia-por-cuidado-familiares\/","og_site_name":"Gabinete","article_publisher":"https:\/\/www.facebook.com\/Gabinete-Jur%c3%addico-Hern%c3%a1ndez-Vicente-SL-850104825098234\/","article_published_time":"2017-09-17T12:35:20+00:00","article_modified_time":"2020-03-23T17:19:24+00:00","og_image":[{"width":1000,"height":667,"url":"https:\/\/gabinete.net\/wp-content\/uploads\/2020\/03\/5.jpg","path":"\/home\/gabinetevp\/www\/wp-content\/uploads\/2020\/03\/5.jpg","size":"full","id":1371,"alt":"","pixels":667000,"type":"image\/jpeg"}],"twitter_card":"summary_large_image","twitter_misc":{"Escrito por":"Hern\u00e1ndez &amp; Vicente","Tiempo de lectura":"1 minuto"},"schema":{"@context":"https:\/\/schema.org","@graph":[{"@type":"WebSite","@id":"https:\/\/gabinete.net\/#website","url":"https:\/\/gabinete.net\/","name":"Gabinete","description":"Otro sitio realizado con WordPress","potentialAction":[{"@type":"SearchAction","target":{"@type":"EntryPoint","urlTemplate":"https:\/\/gabinete.net\/?s={search_term_string}"},"query-input":"required name=search_term_string"}],"inLanguage":"es"},{"@type":"ImageObject","@id":"https:\/\/gabinete.net\/es\/las-excedencias-laborales-y-especial-excedencia-por-cuidado-familiares\/#primaryimage","inLanguage":"es","url":"https:\/\/gabinete.net\/wp-content\/uploads\/2020\/03\/5.jpg","contentUrl":"https:\/\/gabinete.net\/wp-content\/uploads\/2020\/03\/5.jpg","width":1000,"height":667,"caption":"Processed with VSCO with a6 preset"},{"@type":"WebPage","@id":"https:\/\/gabinete.net\/es\/las-excedencias-laborales-y-especial-excedencia-por-cuidado-familiares\/#webpage","url":"https:\/\/gabinete.net\/es\/las-excedencias-laborales-y-especial-excedencia-por-cuidado-familiares\/","name":"Las excedencias laborales y, en especial, la excedencia por cuidado de familiares - Gabinete","isPartOf":{"@id":"https:\/\/gabinete.net\/#website"},"primaryImageOfPage":{"@id":"https:\/\/gabinete.net\/es\/las-excedencias-laborales-y-especial-excedencia-por-cuidado-familiares\/#primaryimage"},"datePublished":"2017-09-17T12:35:20+00:00","dateModified":"2020-03-23T17:19:24+00:00","author":{"@id":"https:\/\/gabinete.net\/#\/schema\/person\/114c7f352df189fa1740c59e1aaf399b"},"breadcrumb":{"@id":"https:\/\/gabinete.net\/es\/las-excedencias-laborales-y-especial-excedencia-por-cuidado-familiares\/#breadcrumb"},"inLanguage":"es","potentialAction":[{"@type":"ReadAction","target":["https:\/\/gabinete.net\/es\/las-excedencias-laborales-y-especial-excedencia-por-cuidado-familiares\/"]}]},{"@type":"BreadcrumbList","@id":"https:\/\/gabinete.net\/es\/las-excedencias-laborales-y-especial-excedencia-por-cuidado-familiares\/#breadcrumb","itemListElement":[{"@type":"ListItem","position":1,"name":"Inici","item":"https:\/\/gabinete.net\/es\/"},{"@type":"ListItem","position":2,"name":"Las excedencias laborales y, en especial, la excedencia por cuidado de familiares"}]},{"@type":"Person","@id":"https:\/\/gabinete.net\/#\/schema\/person\/114c7f352df189fa1740c59e1aaf399b","name":"Hern\u00e1ndez &amp; Vicente","image":{"@type":"ImageObject","@id":"https:\/\/gabinete.net\/#personlogo","inLanguage":"es","url":"https:\/\/secure.gravatar.com\/avatar\/7c27f531a5f0b8b61666ba5c046c2c31?s=96&d=mm&r=g","contentUrl":"https:\/\/secure.gravatar.com\/avatar\/7c27f531a5f0b8b61666ba5c046c2c31?s=96&d=mm&r=g","caption":"Hern\u00e1ndez &amp; Vicente"}}]}},"_links":{"self":[{"href":"https:\/\/gabinete.net\/es\/wp-json\/wp\/v2\/posts\/789"}],"collection":[{"href":"https:\/\/gabinete.net\/es\/wp-json\/wp\/v2\/posts"}],"about":[{"href":"https:\/\/gabinete.net\/es\/wp-json\/wp\/v2\/types\/post"}],"author":[{"embeddable":true,"href":"https:\/\/gabinete.net\/es\/wp-json\/wp\/v2\/users\/2"}],"replies":[{"embeddable":true,"href":"https:\/\/gabinete.net\/es\/wp-json\/wp\/v2\/comments?post=789"}],"version-history":[{"count":1,"href":"https:\/\/gabinete.net\/es\/wp-json\/wp\/v2\/posts\/789\/revisions"}],"predecessor-version":[{"id":1607,"href":"https:\/\/gabinete.net\/es\/wp-json\/wp\/v2\/posts\/789\/revisions\/1607"}],"wp:featuredmedia":[{"embeddable":true,"href":"https:\/\/gabinete.net\/es\/wp-json\/wp\/v2\/media\/1371"}],"wp:attachment":[{"href":"https:\/\/gabinete.net\/es\/wp-json\/wp\/v2\/media?parent=789"}],"wp:term":[{"taxonomy":"category","embeddable":true,"href":"https:\/\/gabinete.net\/es\/wp-json\/wp\/v2\/categories?post=789"},{"taxonomy":"post_tag","embeddable":true,"href":"https:\/\/gabinete.net\/es\/wp-json\/wp\/v2\/tags?post=789"}],"curies":[{"name":"wp","href":"https:\/\/api.w.org\/{rel}","templated":true}]}}