{"id":808,"date":"2017-09-15T13:38:44","date_gmt":"2017-09-15T13:38:44","guid":{"rendered":"https:\/\/gabinete.net\/?p=808\/"},"modified":"2020-03-23T17:20:27","modified_gmt":"2020-03-23T17:20:27","slug":"como-incapacitar-a-un-familiar","status":"publish","type":"post","link":"https:\/\/gabinete.net\/es\/como-incapacitar-a-un-familiar\/","title":{"rendered":"C\u00f3mo incapacitar a un familiar"},"content":{"rendered":"<p>Desgraciadamente nos podemos encontrar con la situaci\u00f3n de que alguno de nuestros familiares, sobretodo personas de avanzada edad y, debido a enfermedades mentales degenerativas, hayan visto sus capacidades psicof\u00edsicas mermadas, con lo cual no son capaces de administrarse por s\u00ed solas.<\/p>\n<p>M\u00e1s all\u00e1 del problema personal frente al que nos encontramos, que conlleva gran angustia a las familias, debemos enfrentarnos a un tedioso problema legal y por ello es conveniente iniciar un procedimiento de incapacitaci\u00f3n, cuya regulaci\u00f3n viene determinada tanto en la Ley de Enjuiciamiento Civil como en el C\u00f3digo Civil Espa\u00f1ol y el C\u00f3digo Civil de Catalu\u00f1a.<\/p>\n<p>Al margen de las cuestiones procesales, cabe destacar que se trata de un procedimiento relativamente sencillo mediante el cual conseguiremos que la persona sea declarada incapaz y uno de sus allegados sea nombrado tutor.<\/p>\n<p>En el seno del procedimiento el presunto incapaz ser\u00e1 reconocido por el juez, por un m\u00e9dico forense y por el Ministerio Fiscal. Este \u00faltimo debe velar por el inter\u00e9s del incapaz y por este motivo, durante el procedimiento, se deber\u00e1 escuchar lo que declaren los familiares al respecto. En seg\u00fan qu\u00e9 casos, dependiendo del estado de lucidez del futuro incapaz, se le deber\u00e1 escuchar tambi\u00e9n.<\/p>\n<p>Si tras el procedimiento se constata que, efectivamente, los padecimientos que sufre el incapaz son persistentes y permanentes sin posibilidad real de mejor\u00eda, no deber\u00edan haber problemas para declararlo incapaz, en cuyo caso se designar\u00e1 un tutor que se encargar\u00e1, entre otras cosas, de practicar un inventario sobre los bienes que tiene la persona y anualmente estar\u00e1 obligado a rendir cuentas ante el Juzgado.<\/p>\n<p>&nbsp;<\/p>\n","protected":false},"excerpt":{"rendered":"<p>Desgraciadamente nos podemos encontrar con la situaci\u00f3n de que alguno de nuestros familiares, sobretodo personas de avanzada edad y, debido a enfermedades mentales degenerativas, hayan visto sus capacidades psicof\u00edsicas mermadas, con lo cual no son capaces de administrarse por s\u00ed solas. M\u00e1s all\u00e1 del problema personal frente al que nos encontramos, que conlleva gran angustia [&hellip;]<\/p>\n","protected":false},"author":2,"featured_media":1329,"comment_status":"open","ping_status":"open","sticky":false,"template":"","format":"standard","meta":[],"categories":[1,2],"tags":[],"yoast_head":"<!-- This site is optimized with the Yoast SEO plugin v16.7 - https:\/\/yoast.com\/wordpress\/plugins\/seo\/ -->\n<title>C\u00f3mo incapacitar a un familiar - Gabinete<\/title>\n<meta name=\"robots\" content=\"index, follow, max-snippet:-1, max-image-preview:large, max-video-preview:-1\" \/>\n<link rel=\"canonical\" href=\"https:\/\/gabinete.net\/es\/como-incapacitar-a-un-familiar\/\" \/>\n<meta property=\"og:locale\" content=\"es_ES\" \/>\n<meta property=\"og:type\" content=\"article\" \/>\n<meta property=\"og:title\" content=\"C\u00f3mo incapacitar a un familiar - Gabinete\" \/>\n<meta property=\"og:description\" content=\"Desgraciadamente nos podemos encontrar con la situaci\u00f3n de que alguno de nuestros familiares, sobretodo personas de avanzada edad y, debido a enfermedades mentales degenerativas, hayan visto sus capacidades psicof\u00edsicas mermadas, con lo cual no son capaces de administrarse por s\u00ed solas. M\u00e1s all\u00e1 del problema personal frente al que nos encontramos, que conlleva gran angustia [&hellip;]\" \/>\n<meta property=\"og:url\" content=\"https:\/\/gabinete.net\/es\/como-incapacitar-a-un-familiar\/\" \/>\n<meta property=\"og:site_name\" content=\"Gabinete\" \/>\n<meta property=\"article:publisher\" content=\"https:\/\/www.facebook.com\/Gabinete-Jur%c3%addico-Hern%c3%a1ndez-Vicente-SL-850104825098234\/\" \/>\n<meta property=\"article:published_time\" content=\"2017-09-15T13:38:44+00:00\" \/>\n<meta property=\"article:modified_time\" content=\"2020-03-23T17:20:27+00:00\" \/>\n<meta property=\"og:image\" content=\"https:\/\/gabinete.net\/wp-content\/uploads\/2020\/03\/3-1.jpg\" \/>\n\t<meta property=\"og:image:width\" content=\"1000\" \/>\n\t<meta property=\"og:image:height\" content=\"667\" \/>\n<meta name=\"twitter:card\" content=\"summary_large_image\" \/>\n<meta name=\"twitter:label1\" content=\"Escrito por\" \/>\n\t<meta name=\"twitter:data1\" content=\"Hern\u00e1ndez &amp; Vicente\" \/>\n\t<meta name=\"twitter:label2\" content=\"Tiempo de lectura\" \/>\n\t<meta name=\"twitter:data2\" content=\"1 minuto\" \/>\n<script type=\"application\/ld+json\" class=\"yoast-schema-graph\">{\"@context\":\"https:\/\/schema.org\",\"@graph\":[{\"@type\":\"WebSite\",\"@id\":\"https:\/\/gabinete.net\/#website\",\"url\":\"https:\/\/gabinete.net\/\",\"name\":\"Gabinete\",\"description\":\"Otro sitio realizado con WordPress\",\"potentialAction\":[{\"@type\":\"SearchAction\",\"target\":{\"@type\":\"EntryPoint\",\"urlTemplate\":\"https:\/\/gabinete.net\/?s={search_term_string}\"},\"query-input\":\"required name=search_term_string\"}],\"inLanguage\":\"es\"},{\"@type\":\"ImageObject\",\"@id\":\"https:\/\/gabinete.net\/es\/como-incapacitar-a-un-familiar\/#primaryimage\",\"inLanguage\":\"es\",\"url\":\"https:\/\/gabinete.net\/wp-content\/uploads\/2020\/03\/3-1.jpg\",\"contentUrl\":\"https:\/\/gabinete.net\/wp-content\/uploads\/2020\/03\/3-1.jpg\",\"width\":1000,\"height\":667,\"caption\":\"Processed with VSCO with a6 preset\"},{\"@type\":\"WebPage\",\"@id\":\"https:\/\/gabinete.net\/es\/como-incapacitar-a-un-familiar\/#webpage\",\"url\":\"https:\/\/gabinete.net\/es\/como-incapacitar-a-un-familiar\/\",\"name\":\"C\\u00f3mo incapacitar a un familiar - Gabinete\",\"isPartOf\":{\"@id\":\"https:\/\/gabinete.net\/#website\"},\"primaryImageOfPage\":{\"@id\":\"https:\/\/gabinete.net\/es\/como-incapacitar-a-un-familiar\/#primaryimage\"},\"datePublished\":\"2017-09-15T13:38:44+00:00\",\"dateModified\":\"2020-03-23T17:20:27+00:00\",\"author\":{\"@id\":\"https:\/\/gabinete.net\/#\/schema\/person\/114c7f352df189fa1740c59e1aaf399b\"},\"breadcrumb\":{\"@id\":\"https:\/\/gabinete.net\/es\/como-incapacitar-a-un-familiar\/#breadcrumb\"},\"inLanguage\":\"es\",\"potentialAction\":[{\"@type\":\"ReadAction\",\"target\":[\"https:\/\/gabinete.net\/es\/como-incapacitar-a-un-familiar\/\"]}]},{\"@type\":\"BreadcrumbList\",\"@id\":\"https:\/\/gabinete.net\/es\/como-incapacitar-a-un-familiar\/#breadcrumb\",\"itemListElement\":[{\"@type\":\"ListItem\",\"position\":1,\"name\":\"Inici\",\"item\":\"https:\/\/gabinete.net\/es\/\"},{\"@type\":\"ListItem\",\"position\":2,\"name\":\"C\\u00f3mo incapacitar a un familiar\"}]},{\"@type\":\"Person\",\"@id\":\"https:\/\/gabinete.net\/#\/schema\/person\/114c7f352df189fa1740c59e1aaf399b\",\"name\":\"Hern\\u00e1ndez &amp; Vicente\",\"image\":{\"@type\":\"ImageObject\",\"@id\":\"https:\/\/gabinete.net\/#personlogo\",\"inLanguage\":\"es\",\"url\":\"https:\/\/secure.gravatar.com\/avatar\/7c27f531a5f0b8b61666ba5c046c2c31?s=96&d=mm&r=g\",\"contentUrl\":\"https:\/\/secure.gravatar.com\/avatar\/7c27f531a5f0b8b61666ba5c046c2c31?s=96&d=mm&r=g\",\"caption\":\"Hern\\u00e1ndez &amp; Vicente\"}}]}<\/script>\n<!-- \/ Yoast SEO plugin. -->","yoast_head_json":{"title":"C\u00f3mo incapacitar a un familiar - Gabinete","robots":{"index":"index","follow":"follow","max-snippet":"max-snippet:-1","max-image-preview":"max-image-preview:large","max-video-preview":"max-video-preview:-1"},"canonical":"https:\/\/gabinete.net\/es\/como-incapacitar-a-un-familiar\/","og_locale":"es_ES","og_type":"article","og_title":"C\u00f3mo incapacitar a un familiar - Gabinete","og_description":"Desgraciadamente nos podemos encontrar con la situaci\u00f3n de que alguno de nuestros familiares, sobretodo personas de avanzada edad y, debido a enfermedades mentales degenerativas, hayan visto sus capacidades psicof\u00edsicas mermadas, con lo cual no son capaces de administrarse por s\u00ed solas. M\u00e1s all\u00e1 del problema personal frente al que nos encontramos, que conlleva gran angustia [&hellip;]","og_url":"https:\/\/gabinete.net\/es\/como-incapacitar-a-un-familiar\/","og_site_name":"Gabinete","article_publisher":"https:\/\/www.facebook.com\/Gabinete-Jur%c3%addico-Hern%c3%a1ndez-Vicente-SL-850104825098234\/","article_published_time":"2017-09-15T13:38:44+00:00","article_modified_time":"2020-03-23T17:20:27+00:00","og_image":[{"width":1000,"height":667,"url":"https:\/\/gabinete.net\/wp-content\/uploads\/2020\/03\/3-1.jpg","path":"\/home\/gabinetevp\/www\/wp-content\/uploads\/2020\/03\/3-1.jpg","size":"full","id":1329,"alt":"","pixels":667000,"type":"image\/jpeg"}],"twitter_card":"summary_large_image","twitter_misc":{"Escrito por":"Hern\u00e1ndez &amp; Vicente","Tiempo de lectura":"1 minuto"},"schema":{"@context":"https:\/\/schema.org","@graph":[{"@type":"WebSite","@id":"https:\/\/gabinete.net\/#website","url":"https:\/\/gabinete.net\/","name":"Gabinete","description":"Otro sitio realizado con WordPress","potentialAction":[{"@type":"SearchAction","target":{"@type":"EntryPoint","urlTemplate":"https:\/\/gabinete.net\/?s={search_term_string}"},"query-input":"required name=search_term_string"}],"inLanguage":"es"},{"@type":"ImageObject","@id":"https:\/\/gabinete.net\/es\/como-incapacitar-a-un-familiar\/#primaryimage","inLanguage":"es","url":"https:\/\/gabinete.net\/wp-content\/uploads\/2020\/03\/3-1.jpg","contentUrl":"https:\/\/gabinete.net\/wp-content\/uploads\/2020\/03\/3-1.jpg","width":1000,"height":667,"caption":"Processed with VSCO with a6 preset"},{"@type":"WebPage","@id":"https:\/\/gabinete.net\/es\/como-incapacitar-a-un-familiar\/#webpage","url":"https:\/\/gabinete.net\/es\/como-incapacitar-a-un-familiar\/","name":"C\u00f3mo incapacitar a un familiar - Gabinete","isPartOf":{"@id":"https:\/\/gabinete.net\/#website"},"primaryImageOfPage":{"@id":"https:\/\/gabinete.net\/es\/como-incapacitar-a-un-familiar\/#primaryimage"},"datePublished":"2017-09-15T13:38:44+00:00","dateModified":"2020-03-23T17:20:27+00:00","author":{"@id":"https:\/\/gabinete.net\/#\/schema\/person\/114c7f352df189fa1740c59e1aaf399b"},"breadcrumb":{"@id":"https:\/\/gabinete.net\/es\/como-incapacitar-a-un-familiar\/#breadcrumb"},"inLanguage":"es","potentialAction":[{"@type":"ReadAction","target":["https:\/\/gabinete.net\/es\/como-incapacitar-a-un-familiar\/"]}]},{"@type":"BreadcrumbList","@id":"https:\/\/gabinete.net\/es\/como-incapacitar-a-un-familiar\/#breadcrumb","itemListElement":[{"@type":"ListItem","position":1,"name":"Inici","item":"https:\/\/gabinete.net\/es\/"},{"@type":"ListItem","position":2,"name":"C\u00f3mo incapacitar a un familiar"}]},{"@type":"Person","@id":"https:\/\/gabinete.net\/#\/schema\/person\/114c7f352df189fa1740c59e1aaf399b","name":"Hern\u00e1ndez &amp; Vicente","image":{"@type":"ImageObject","@id":"https:\/\/gabinete.net\/#personlogo","inLanguage":"es","url":"https:\/\/secure.gravatar.com\/avatar\/7c27f531a5f0b8b61666ba5c046c2c31?s=96&d=mm&r=g","contentUrl":"https:\/\/secure.gravatar.com\/avatar\/7c27f531a5f0b8b61666ba5c046c2c31?s=96&d=mm&r=g","caption":"Hern\u00e1ndez &amp; Vicente"}}]}},"_links":{"self":[{"href":"https:\/\/gabinete.net\/es\/wp-json\/wp\/v2\/posts\/808"}],"collection":[{"href":"https:\/\/gabinete.net\/es\/wp-json\/wp\/v2\/posts"}],"about":[{"href":"https:\/\/gabinete.net\/es\/wp-json\/wp\/v2\/types\/post"}],"author":[{"embeddable":true,"href":"https:\/\/gabinete.net\/es\/wp-json\/wp\/v2\/users\/2"}],"replies":[{"embeddable":true,"href":"https:\/\/gabinete.net\/es\/wp-json\/wp\/v2\/comments?post=808"}],"version-history":[{"count":1,"href":"https:\/\/gabinete.net\/es\/wp-json\/wp\/v2\/posts\/808\/revisions"}],"predecessor-version":[{"id":1608,"href":"https:\/\/gabinete.net\/es\/wp-json\/wp\/v2\/posts\/808\/revisions\/1608"}],"wp:featuredmedia":[{"embeddable":true,"href":"https:\/\/gabinete.net\/es\/wp-json\/wp\/v2\/media\/1329"}],"wp:attachment":[{"href":"https:\/\/gabinete.net\/es\/wp-json\/wp\/v2\/media?parent=808"}],"wp:term":[{"taxonomy":"category","embeddable":true,"href":"https:\/\/gabinete.net\/es\/wp-json\/wp\/v2\/categories?post=808"},{"taxonomy":"post_tag","embeddable":true,"href":"https:\/\/gabinete.net\/es\/wp-json\/wp\/v2\/tags?post=808"}],"curies":[{"name":"wp","href":"https:\/\/api.w.org\/{rel}","templated":true}]}}