{"id":852,"date":"2017-11-10T10:53:06","date_gmt":"2017-11-10T10:53:06","guid":{"rendered":"https:\/\/gabinete.net\/?p=852\/"},"modified":"2020-03-23T16:59:56","modified_gmt":"2020-03-23T16:59:56","slug":"pension-alimentos-favor-los-hijos-menores-2","status":"publish","type":"post","link":"https:\/\/gabinete.net\/es\/pension-alimentos-favor-los-hijos-menores-2\/","title":{"rendered":"La pensi\u00f3n de alimentos a favor de los hijos menores"},"content":{"rendered":"<p>Cuando se da una situaci\u00f3n de ruptura matrimonial y hay hijos menores implicados tenemos que tener en cuenta el inter\u00e9s superior del menor, que incluye el derecho de este a recibir una pensi\u00f3n de alimentos por parte del progenitor.<\/p>\n<p>Los alimentos se regulan al art\u00edculo 237-1 y siguientes del C\u00f3digo Civil de Catalu\u00f1a y se entiende que <strong>son alimentos todo aquello indispensable para mantener la vivienda, la comida, el vestido, la asistencia m\u00e9dica y los gastos de formaci\u00f3n del menor. <\/strong><\/p>\n<p>El obligado a pagar estos alimentos es, generalmente, el progenitor que no ostente la guardia y custodia y tiene que reclamarlos la persona que represente legalmente al menor, que normalmente ser\u00e1 el progenitor que s\u00ed la ostente.<\/p>\n<p>El derecho a alimentos nace en el momento que se necesitan y, aunque de forma general no se puedan pedir los alimentos anteriores a la reclamaci\u00f3n judicial, s\u00ed se permite hacerlo en el caso de los menores si la reclamaci\u00f3n no se pudo hacer debido a una causa imputable a la persona obligada.<\/p>\n<p>El pago se har\u00e1 en dinero y la cuant\u00eda se determinar\u00e1 en proporci\u00f3n teniendo en cuenta las necesidades del menor y las posibilidades de la persona obligada a darlos.<\/p>\n<p>Los alimentos podr\u00e1n modificarse si cambian las circunstancias del menor y tambi\u00e9n pueden extinguirse por varias causas entre las que se pueden citar la muerte del alimentado o del obligado, la ausencia de rentas\u00a0del obligado para poder pagar los alimentos o la mejora de las condiciones de vida del alimentado, de forma que no sea necesario recibirlos.<\/p>\n","protected":false},"excerpt":{"rendered":"<p>Cuando se da una situaci\u00f3n de ruptura matrimonial y hay hijos menores implicados tenemos que tener en cuenta el inter\u00e9s superior del menor, que incluye el derecho de este a recibir una pensi\u00f3n de alimentos por parte del progenitor. Los alimentos se regulan al art\u00edculo 237-1 y siguientes del C\u00f3digo Civil de Catalu\u00f1a y se [&hellip;]<\/p>\n","protected":false},"author":2,"featured_media":1355,"comment_status":"open","ping_status":"open","sticky":false,"template":"","format":"standard","meta":[],"categories":[1,2],"tags":[],"yoast_head":"<!-- This site is optimized with the Yoast SEO plugin v16.7 - https:\/\/yoast.com\/wordpress\/plugins\/seo\/ -->\n<title>La pensi\u00f3n de alimentos a favor de los hijos menores - Gabinete<\/title>\n<meta name=\"robots\" content=\"index, follow, max-snippet:-1, max-image-preview:large, max-video-preview:-1\" \/>\n<link rel=\"canonical\" href=\"https:\/\/gabinete.net\/es\/pension-alimentos-favor-los-hijos-menores-2\/\" \/>\n<meta property=\"og:locale\" content=\"es_ES\" \/>\n<meta property=\"og:type\" content=\"article\" \/>\n<meta property=\"og:title\" content=\"La pensi\u00f3n de alimentos a favor de los hijos menores - Gabinete\" \/>\n<meta property=\"og:description\" content=\"Cuando se da una situaci\u00f3n de ruptura matrimonial y hay hijos menores implicados tenemos que tener en cuenta el inter\u00e9s superior del menor, que incluye el derecho de este a recibir una pensi\u00f3n de alimentos por parte del progenitor. Los alimentos se regulan al art\u00edculo 237-1 y siguientes del C\u00f3digo Civil de Catalu\u00f1a y se [&hellip;]\" \/>\n<meta property=\"og:url\" content=\"https:\/\/gabinete.net\/es\/pension-alimentos-favor-los-hijos-menores-2\/\" \/>\n<meta property=\"og:site_name\" content=\"Gabinete\" \/>\n<meta property=\"article:publisher\" content=\"https:\/\/www.facebook.com\/Gabinete-Jur%c3%addico-Hern%c3%a1ndez-Vicente-SL-850104825098234\/\" \/>\n<meta property=\"article:published_time\" content=\"2017-11-10T10:53:06+00:00\" \/>\n<meta property=\"article:modified_time\" content=\"2020-03-23T16:59:56+00:00\" \/>\n<meta property=\"og:image\" content=\"https:\/\/gabinete.net\/wp-content\/uploads\/2020\/03\/4.jpg\" \/>\n\t<meta property=\"og:image:width\" content=\"1000\" \/>\n\t<meta property=\"og:image:height\" content=\"667\" \/>\n<meta name=\"twitter:card\" content=\"summary_large_image\" \/>\n<meta name=\"twitter:label1\" content=\"Escrito por\" \/>\n\t<meta name=\"twitter:data1\" content=\"Hern\u00e1ndez &amp; Vicente\" \/>\n\t<meta name=\"twitter:label2\" content=\"Tiempo de lectura\" \/>\n\t<meta name=\"twitter:data2\" content=\"1 minuto\" \/>\n<script type=\"application\/ld+json\" class=\"yoast-schema-graph\">{\"@context\":\"https:\/\/schema.org\",\"@graph\":[{\"@type\":\"WebSite\",\"@id\":\"https:\/\/gabinete.net\/#website\",\"url\":\"https:\/\/gabinete.net\/\",\"name\":\"Gabinete\",\"description\":\"Otro sitio realizado con WordPress\",\"potentialAction\":[{\"@type\":\"SearchAction\",\"target\":{\"@type\":\"EntryPoint\",\"urlTemplate\":\"https:\/\/gabinete.net\/?s={search_term_string}\"},\"query-input\":\"required name=search_term_string\"}],\"inLanguage\":\"es\"},{\"@type\":\"ImageObject\",\"@id\":\"https:\/\/gabinete.net\/es\/pension-alimentos-favor-los-hijos-menores-2\/#primaryimage\",\"inLanguage\":\"es\",\"url\":\"https:\/\/gabinete.net\/wp-content\/uploads\/2020\/03\/4.jpg\",\"contentUrl\":\"https:\/\/gabinete.net\/wp-content\/uploads\/2020\/03\/4.jpg\",\"width\":1000,\"height\":667},{\"@type\":\"WebPage\",\"@id\":\"https:\/\/gabinete.net\/es\/pension-alimentos-favor-los-hijos-menores-2\/#webpage\",\"url\":\"https:\/\/gabinete.net\/es\/pension-alimentos-favor-los-hijos-menores-2\/\",\"name\":\"La pensi\\u00f3n de alimentos a favor de los hijos menores - Gabinete\",\"isPartOf\":{\"@id\":\"https:\/\/gabinete.net\/#website\"},\"primaryImageOfPage\":{\"@id\":\"https:\/\/gabinete.net\/es\/pension-alimentos-favor-los-hijos-menores-2\/#primaryimage\"},\"datePublished\":\"2017-11-10T10:53:06+00:00\",\"dateModified\":\"2020-03-23T16:59:56+00:00\",\"author\":{\"@id\":\"https:\/\/gabinete.net\/#\/schema\/person\/114c7f352df189fa1740c59e1aaf399b\"},\"breadcrumb\":{\"@id\":\"https:\/\/gabinete.net\/es\/pension-alimentos-favor-los-hijos-menores-2\/#breadcrumb\"},\"inLanguage\":\"es\",\"potentialAction\":[{\"@type\":\"ReadAction\",\"target\":[\"https:\/\/gabinete.net\/es\/pension-alimentos-favor-los-hijos-menores-2\/\"]}]},{\"@type\":\"BreadcrumbList\",\"@id\":\"https:\/\/gabinete.net\/es\/pension-alimentos-favor-los-hijos-menores-2\/#breadcrumb\",\"itemListElement\":[{\"@type\":\"ListItem\",\"position\":1,\"name\":\"Inici\",\"item\":\"https:\/\/gabinete.net\/es\/\"},{\"@type\":\"ListItem\",\"position\":2,\"name\":\"La pensi\\u00f3n de alimentos a favor de los hijos menores\"}]},{\"@type\":\"Person\",\"@id\":\"https:\/\/gabinete.net\/#\/schema\/person\/114c7f352df189fa1740c59e1aaf399b\",\"name\":\"Hern\\u00e1ndez &amp; Vicente\",\"image\":{\"@type\":\"ImageObject\",\"@id\":\"https:\/\/gabinete.net\/#personlogo\",\"inLanguage\":\"es\",\"url\":\"https:\/\/secure.gravatar.com\/avatar\/7c27f531a5f0b8b61666ba5c046c2c31?s=96&d=mm&r=g\",\"contentUrl\":\"https:\/\/secure.gravatar.com\/avatar\/7c27f531a5f0b8b61666ba5c046c2c31?s=96&d=mm&r=g\",\"caption\":\"Hern\\u00e1ndez &amp; Vicente\"}}]}<\/script>\n<!-- \/ Yoast SEO plugin. -->","yoast_head_json":{"title":"La pensi\u00f3n de alimentos a favor de los hijos menores - Gabinete","robots":{"index":"index","follow":"follow","max-snippet":"max-snippet:-1","max-image-preview":"max-image-preview:large","max-video-preview":"max-video-preview:-1"},"canonical":"https:\/\/gabinete.net\/es\/pension-alimentos-favor-los-hijos-menores-2\/","og_locale":"es_ES","og_type":"article","og_title":"La pensi\u00f3n de alimentos a favor de los hijos menores - Gabinete","og_description":"Cuando se da una situaci\u00f3n de ruptura matrimonial y hay hijos menores implicados tenemos que tener en cuenta el inter\u00e9s superior del menor, que incluye el derecho de este a recibir una pensi\u00f3n de alimentos por parte del progenitor. Los alimentos se regulan al art\u00edculo 237-1 y siguientes del C\u00f3digo Civil de Catalu\u00f1a y se [&hellip;]","og_url":"https:\/\/gabinete.net\/es\/pension-alimentos-favor-los-hijos-menores-2\/","og_site_name":"Gabinete","article_publisher":"https:\/\/www.facebook.com\/Gabinete-Jur%c3%addico-Hern%c3%a1ndez-Vicente-SL-850104825098234\/","article_published_time":"2017-11-10T10:53:06+00:00","article_modified_time":"2020-03-23T16:59:56+00:00","og_image":[{"width":1000,"height":667,"url":"https:\/\/gabinete.net\/wp-content\/uploads\/2020\/03\/4.jpg","path":"\/home\/gabinetevp\/www\/wp-content\/uploads\/2020\/03\/4.jpg","size":"full","id":1355,"alt":"","pixels":667000,"type":"image\/jpeg"}],"twitter_card":"summary_large_image","twitter_misc":{"Escrito por":"Hern\u00e1ndez &amp; Vicente","Tiempo de lectura":"1 minuto"},"schema":{"@context":"https:\/\/schema.org","@graph":[{"@type":"WebSite","@id":"https:\/\/gabinete.net\/#website","url":"https:\/\/gabinete.net\/","name":"Gabinete","description":"Otro sitio realizado con WordPress","potentialAction":[{"@type":"SearchAction","target":{"@type":"EntryPoint","urlTemplate":"https:\/\/gabinete.net\/?s={search_term_string}"},"query-input":"required name=search_term_string"}],"inLanguage":"es"},{"@type":"ImageObject","@id":"https:\/\/gabinete.net\/es\/pension-alimentos-favor-los-hijos-menores-2\/#primaryimage","inLanguage":"es","url":"https:\/\/gabinete.net\/wp-content\/uploads\/2020\/03\/4.jpg","contentUrl":"https:\/\/gabinete.net\/wp-content\/uploads\/2020\/03\/4.jpg","width":1000,"height":667},{"@type":"WebPage","@id":"https:\/\/gabinete.net\/es\/pension-alimentos-favor-los-hijos-menores-2\/#webpage","url":"https:\/\/gabinete.net\/es\/pension-alimentos-favor-los-hijos-menores-2\/","name":"La pensi\u00f3n de alimentos a favor de los hijos menores - Gabinete","isPartOf":{"@id":"https:\/\/gabinete.net\/#website"},"primaryImageOfPage":{"@id":"https:\/\/gabinete.net\/es\/pension-alimentos-favor-los-hijos-menores-2\/#primaryimage"},"datePublished":"2017-11-10T10:53:06+00:00","dateModified":"2020-03-23T16:59:56+00:00","author":{"@id":"https:\/\/gabinete.net\/#\/schema\/person\/114c7f352df189fa1740c59e1aaf399b"},"breadcrumb":{"@id":"https:\/\/gabinete.net\/es\/pension-alimentos-favor-los-hijos-menores-2\/#breadcrumb"},"inLanguage":"es","potentialAction":[{"@type":"ReadAction","target":["https:\/\/gabinete.net\/es\/pension-alimentos-favor-los-hijos-menores-2\/"]}]},{"@type":"BreadcrumbList","@id":"https:\/\/gabinete.net\/es\/pension-alimentos-favor-los-hijos-menores-2\/#breadcrumb","itemListElement":[{"@type":"ListItem","position":1,"name":"Inici","item":"https:\/\/gabinete.net\/es\/"},{"@type":"ListItem","position":2,"name":"La pensi\u00f3n de alimentos a favor de los hijos menores"}]},{"@type":"Person","@id":"https:\/\/gabinete.net\/#\/schema\/person\/114c7f352df189fa1740c59e1aaf399b","name":"Hern\u00e1ndez &amp; Vicente","image":{"@type":"ImageObject","@id":"https:\/\/gabinete.net\/#personlogo","inLanguage":"es","url":"https:\/\/secure.gravatar.com\/avatar\/7c27f531a5f0b8b61666ba5c046c2c31?s=96&d=mm&r=g","contentUrl":"https:\/\/secure.gravatar.com\/avatar\/7c27f531a5f0b8b61666ba5c046c2c31?s=96&d=mm&r=g","caption":"Hern\u00e1ndez &amp; Vicente"}}]}},"_links":{"self":[{"href":"https:\/\/gabinete.net\/es\/wp-json\/wp\/v2\/posts\/852"}],"collection":[{"href":"https:\/\/gabinete.net\/es\/wp-json\/wp\/v2\/posts"}],"about":[{"href":"https:\/\/gabinete.net\/es\/wp-json\/wp\/v2\/types\/post"}],"author":[{"embeddable":true,"href":"https:\/\/gabinete.net\/es\/wp-json\/wp\/v2\/users\/2"}],"replies":[{"embeddable":true,"href":"https:\/\/gabinete.net\/es\/wp-json\/wp\/v2\/comments?post=852"}],"version-history":[{"count":1,"href":"https:\/\/gabinete.net\/es\/wp-json\/wp\/v2\/posts\/852\/revisions"}],"predecessor-version":[{"id":1130,"href":"https:\/\/gabinete.net\/es\/wp-json\/wp\/v2\/posts\/852\/revisions\/1130"}],"wp:featuredmedia":[{"embeddable":true,"href":"https:\/\/gabinete.net\/es\/wp-json\/wp\/v2\/media\/1355"}],"wp:attachment":[{"href":"https:\/\/gabinete.net\/es\/wp-json\/wp\/v2\/media?parent=852"}],"wp:term":[{"taxonomy":"category","embeddable":true,"href":"https:\/\/gabinete.net\/es\/wp-json\/wp\/v2\/categories?post=852"},{"taxonomy":"post_tag","embeddable":true,"href":"https:\/\/gabinete.net\/es\/wp-json\/wp\/v2\/tags?post=852"}],"curies":[{"name":"wp","href":"https:\/\/api.w.org\/{rel}","templated":true}]}}