{"id":858,"date":"2017-11-14T11:10:40","date_gmt":"2017-11-14T11:10:40","guid":{"rendered":"https:\/\/gabinete.net\/?p=858\/"},"modified":"2020-03-23T16:54:26","modified_gmt":"2020-03-23T16:54:26","slug":"limites-reduccion-jornada-para-cuidado-menores","status":"publish","type":"post","link":"https:\/\/gabinete.net\/es\/limites-reduccion-jornada-para-cuidado-menores\/","title":{"rendered":"L\u00edmites a la reducci\u00f3n de jornada para cuidado de menores"},"content":{"rendered":"<p>Las personas que tienen a su cargo un hijo o un familiar pueden optar a una reducci\u00f3n de su jornada laboral para cuidarlo.<\/p>\n<p>La reducci\u00f3n de jornada por cuidado de hijos es una medida de conciliaci\u00f3n de la vida laboral y familiar reconocido en el Estatuto de los Trabajadores (Real Decreto Legislativo 2\/2015, de 23 de octubre, por el que se aprueba el texto refundido de la Ley del Estatuto de los Trabajadores).<\/p>\n<p>La reducci\u00f3n de jornada por cuidado de hijos la pueden solicitar quienes por razones de guarda legal tengan a su cuidado directo un hijo menor de doce a\u00f1os, un hijo con discapacidad que no trabaje y aquellas personas que tengan a su cargo un familiar que por alguna causa de accidente no pueda valerse por s\u00ed solo o deba cuidar a un menor por c\u00e1ncer o patolog\u00eda grave.<\/p>\n<p>La duraci\u00f3n m\u00e1xima, como norma general, es hasta que el hijo o hija cumpla los doce a\u00f1os, aunque si es por enfermedades graves que requieran hospitalizaci\u00f3n la duraci\u00f3n m\u00e1xima es hasta que el menor alcance los dieciocho a\u00f1os. En el resto de casos no hay un l\u00edmite m\u00e1ximo.<\/p>\n<p>La reducci\u00f3n de la jornada laboral podr\u00e1 ser desde un octavo hasta un m\u00e1ximo de la mitad y al reducirse la jornada tambi\u00e9n se ver\u00e1 reducido el salario proporcionalmente.<\/p>\n<p>Para solicitar la reducci\u00f3n se requiere un preaviso de quince d\u00edas al trabajo, salvo que el convenio disponga de otro plazo, y debe indicarse la fecha en la que iniciar\u00e1 y terminar\u00e1 el permiso. Se recomienda hacer la solicitud por escrito.<\/p>\n<p>Una duda importante es, en caso de despido, con qu\u00e9 salario se calcula la indemnizaci\u00f3n. En estos casos se debe calcular con el salario como si no tuviese la reducci\u00f3n de jornada, siempre que no se haya superado el tiempo m\u00e1ximo de reducci\u00f3n.<\/p>\n<p>Indicar que en caso de despido mientras se est\u00e1 disfrutando de una reducci\u00f3n de jornada el despido ser\u00e1 improcedente y deber\u00e1 ser declarado nulo.<\/p>\n","protected":false},"excerpt":{"rendered":"<p>Las personas que tienen a su cargo un hijo o un familiar pueden optar a una reducci\u00f3n de su jornada laboral para cuidarlo. La reducci\u00f3n de jornada por cuidado de hijos es una medida de conciliaci\u00f3n de la vida laboral y familiar reconocido en el Estatuto de los Trabajadores (Real Decreto Legislativo 2\/2015, de 23 [&hellip;]<\/p>\n","protected":false},"author":2,"featured_media":1333,"comment_status":"open","ping_status":"open","sticky":false,"template":"","format":"standard","meta":[],"categories":[1,2],"tags":[],"yoast_head":"<!-- This site is optimized with the Yoast SEO plugin v16.7 - https:\/\/yoast.com\/wordpress\/plugins\/seo\/ -->\n<title>L\u00edmites a la reducci\u00f3n de jornada para cuidado de menores - Gabinete<\/title>\n<meta name=\"robots\" content=\"index, follow, max-snippet:-1, max-image-preview:large, max-video-preview:-1\" \/>\n<link rel=\"canonical\" href=\"https:\/\/gabinete.net\/es\/limites-reduccion-jornada-para-cuidado-menores\/\" \/>\n<meta property=\"og:locale\" content=\"es_ES\" \/>\n<meta property=\"og:type\" content=\"article\" \/>\n<meta property=\"og:title\" content=\"L\u00edmites a la reducci\u00f3n de jornada para cuidado de menores - Gabinete\" \/>\n<meta property=\"og:description\" content=\"Las personas que tienen a su cargo un hijo o un familiar pueden optar a una reducci\u00f3n de su jornada laboral para cuidarlo. La reducci\u00f3n de jornada por cuidado de hijos es una medida de conciliaci\u00f3n de la vida laboral y familiar reconocido en el Estatuto de los Trabajadores (Real Decreto Legislativo 2\/2015, de 23 [&hellip;]\" \/>\n<meta property=\"og:url\" content=\"https:\/\/gabinete.net\/es\/limites-reduccion-jornada-para-cuidado-menores\/\" \/>\n<meta property=\"og:site_name\" content=\"Gabinete\" \/>\n<meta property=\"article:publisher\" content=\"https:\/\/www.facebook.com\/Gabinete-Jur%c3%addico-Hern%c3%a1ndez-Vicente-SL-850104825098234\/\" \/>\n<meta property=\"article:published_time\" content=\"2017-11-14T11:10:40+00:00\" \/>\n<meta property=\"article:modified_time\" content=\"2020-03-23T16:54:26+00:00\" \/>\n<meta property=\"og:image\" content=\"https:\/\/gabinete.net\/wp-content\/uploads\/2020\/03\/3.jpg\" \/>\n\t<meta property=\"og:image:width\" content=\"1000\" \/>\n\t<meta property=\"og:image:height\" content=\"744\" \/>\n<meta name=\"twitter:card\" content=\"summary_large_image\" \/>\n<meta name=\"twitter:label1\" content=\"Escrito por\" \/>\n\t<meta name=\"twitter:data1\" content=\"Hern\u00e1ndez &amp; Vicente\" \/>\n\t<meta name=\"twitter:label2\" content=\"Tiempo de lectura\" \/>\n\t<meta name=\"twitter:data2\" content=\"2 minutos\" \/>\n<script type=\"application\/ld+json\" class=\"yoast-schema-graph\">{\"@context\":\"https:\/\/schema.org\",\"@graph\":[{\"@type\":\"WebSite\",\"@id\":\"https:\/\/gabinete.net\/#website\",\"url\":\"https:\/\/gabinete.net\/\",\"name\":\"Gabinete\",\"description\":\"Otro sitio realizado con WordPress\",\"potentialAction\":[{\"@type\":\"SearchAction\",\"target\":{\"@type\":\"EntryPoint\",\"urlTemplate\":\"https:\/\/gabinete.net\/?s={search_term_string}\"},\"query-input\":\"required name=search_term_string\"}],\"inLanguage\":\"es\"},{\"@type\":\"ImageObject\",\"@id\":\"https:\/\/gabinete.net\/es\/limites-reduccion-jornada-para-cuidado-menores\/#primaryimage\",\"inLanguage\":\"es\",\"url\":\"https:\/\/gabinete.net\/wp-content\/uploads\/2020\/03\/3.jpg\",\"contentUrl\":\"https:\/\/gabinete.net\/wp-content\/uploads\/2020\/03\/3.jpg\",\"width\":1000,\"height\":744},{\"@type\":\"WebPage\",\"@id\":\"https:\/\/gabinete.net\/es\/limites-reduccion-jornada-para-cuidado-menores\/#webpage\",\"url\":\"https:\/\/gabinete.net\/es\/limites-reduccion-jornada-para-cuidado-menores\/\",\"name\":\"L\\u00edmites a la reducci\\u00f3n de jornada para cuidado de menores - Gabinete\",\"isPartOf\":{\"@id\":\"https:\/\/gabinete.net\/#website\"},\"primaryImageOfPage\":{\"@id\":\"https:\/\/gabinete.net\/es\/limites-reduccion-jornada-para-cuidado-menores\/#primaryimage\"},\"datePublished\":\"2017-11-14T11:10:40+00:00\",\"dateModified\":\"2020-03-23T16:54:26+00:00\",\"author\":{\"@id\":\"https:\/\/gabinete.net\/#\/schema\/person\/114c7f352df189fa1740c59e1aaf399b\"},\"breadcrumb\":{\"@id\":\"https:\/\/gabinete.net\/es\/limites-reduccion-jornada-para-cuidado-menores\/#breadcrumb\"},\"inLanguage\":\"es\",\"potentialAction\":[{\"@type\":\"ReadAction\",\"target\":[\"https:\/\/gabinete.net\/es\/limites-reduccion-jornada-para-cuidado-menores\/\"]}]},{\"@type\":\"BreadcrumbList\",\"@id\":\"https:\/\/gabinete.net\/es\/limites-reduccion-jornada-para-cuidado-menores\/#breadcrumb\",\"itemListElement\":[{\"@type\":\"ListItem\",\"position\":1,\"name\":\"Inici\",\"item\":\"https:\/\/gabinete.net\/es\/\"},{\"@type\":\"ListItem\",\"position\":2,\"name\":\"L\\u00edmites a la reducci\\u00f3n de jornada para cuidado de menores\"}]},{\"@type\":\"Person\",\"@id\":\"https:\/\/gabinete.net\/#\/schema\/person\/114c7f352df189fa1740c59e1aaf399b\",\"name\":\"Hern\\u00e1ndez &amp; Vicente\",\"image\":{\"@type\":\"ImageObject\",\"@id\":\"https:\/\/gabinete.net\/#personlogo\",\"inLanguage\":\"es\",\"url\":\"https:\/\/secure.gravatar.com\/avatar\/7c27f531a5f0b8b61666ba5c046c2c31?s=96&d=mm&r=g\",\"contentUrl\":\"https:\/\/secure.gravatar.com\/avatar\/7c27f531a5f0b8b61666ba5c046c2c31?s=96&d=mm&r=g\",\"caption\":\"Hern\\u00e1ndez &amp; Vicente\"}}]}<\/script>\n<!-- \/ Yoast SEO plugin. -->","yoast_head_json":{"title":"L\u00edmites a la reducci\u00f3n de jornada para cuidado de menores - Gabinete","robots":{"index":"index","follow":"follow","max-snippet":"max-snippet:-1","max-image-preview":"max-image-preview:large","max-video-preview":"max-video-preview:-1"},"canonical":"https:\/\/gabinete.net\/es\/limites-reduccion-jornada-para-cuidado-menores\/","og_locale":"es_ES","og_type":"article","og_title":"L\u00edmites a la reducci\u00f3n de jornada para cuidado de menores - Gabinete","og_description":"Las personas que tienen a su cargo un hijo o un familiar pueden optar a una reducci\u00f3n de su jornada laboral para cuidarlo. La reducci\u00f3n de jornada por cuidado de hijos es una medida de conciliaci\u00f3n de la vida laboral y familiar reconocido en el Estatuto de los Trabajadores (Real Decreto Legislativo 2\/2015, de 23 [&hellip;]","og_url":"https:\/\/gabinete.net\/es\/limites-reduccion-jornada-para-cuidado-menores\/","og_site_name":"Gabinete","article_publisher":"https:\/\/www.facebook.com\/Gabinete-Jur%c3%addico-Hern%c3%a1ndez-Vicente-SL-850104825098234\/","article_published_time":"2017-11-14T11:10:40+00:00","article_modified_time":"2020-03-23T16:54:26+00:00","og_image":[{"width":1000,"height":744,"url":"https:\/\/gabinete.net\/wp-content\/uploads\/2020\/03\/3.jpg","path":"\/home\/gabinetevp\/www\/wp-content\/uploads\/2020\/03\/3.jpg","size":"full","id":1333,"alt":"","pixels":744000,"type":"image\/jpeg"}],"twitter_card":"summary_large_image","twitter_misc":{"Escrito por":"Hern\u00e1ndez &amp; Vicente","Tiempo de lectura":"2 minutos"},"schema":{"@context":"https:\/\/schema.org","@graph":[{"@type":"WebSite","@id":"https:\/\/gabinete.net\/#website","url":"https:\/\/gabinete.net\/","name":"Gabinete","description":"Otro sitio realizado con WordPress","potentialAction":[{"@type":"SearchAction","target":{"@type":"EntryPoint","urlTemplate":"https:\/\/gabinete.net\/?s={search_term_string}"},"query-input":"required name=search_term_string"}],"inLanguage":"es"},{"@type":"ImageObject","@id":"https:\/\/gabinete.net\/es\/limites-reduccion-jornada-para-cuidado-menores\/#primaryimage","inLanguage":"es","url":"https:\/\/gabinete.net\/wp-content\/uploads\/2020\/03\/3.jpg","contentUrl":"https:\/\/gabinete.net\/wp-content\/uploads\/2020\/03\/3.jpg","width":1000,"height":744},{"@type":"WebPage","@id":"https:\/\/gabinete.net\/es\/limites-reduccion-jornada-para-cuidado-menores\/#webpage","url":"https:\/\/gabinete.net\/es\/limites-reduccion-jornada-para-cuidado-menores\/","name":"L\u00edmites a la reducci\u00f3n de jornada para cuidado de menores - Gabinete","isPartOf":{"@id":"https:\/\/gabinete.net\/#website"},"primaryImageOfPage":{"@id":"https:\/\/gabinete.net\/es\/limites-reduccion-jornada-para-cuidado-menores\/#primaryimage"},"datePublished":"2017-11-14T11:10:40+00:00","dateModified":"2020-03-23T16:54:26+00:00","author":{"@id":"https:\/\/gabinete.net\/#\/schema\/person\/114c7f352df189fa1740c59e1aaf399b"},"breadcrumb":{"@id":"https:\/\/gabinete.net\/es\/limites-reduccion-jornada-para-cuidado-menores\/#breadcrumb"},"inLanguage":"es","potentialAction":[{"@type":"ReadAction","target":["https:\/\/gabinete.net\/es\/limites-reduccion-jornada-para-cuidado-menores\/"]}]},{"@type":"BreadcrumbList","@id":"https:\/\/gabinete.net\/es\/limites-reduccion-jornada-para-cuidado-menores\/#breadcrumb","itemListElement":[{"@type":"ListItem","position":1,"name":"Inici","item":"https:\/\/gabinete.net\/es\/"},{"@type":"ListItem","position":2,"name":"L\u00edmites a la reducci\u00f3n de jornada para cuidado de menores"}]},{"@type":"Person","@id":"https:\/\/gabinete.net\/#\/schema\/person\/114c7f352df189fa1740c59e1aaf399b","name":"Hern\u00e1ndez &amp; Vicente","image":{"@type":"ImageObject","@id":"https:\/\/gabinete.net\/#personlogo","inLanguage":"es","url":"https:\/\/secure.gravatar.com\/avatar\/7c27f531a5f0b8b61666ba5c046c2c31?s=96&d=mm&r=g","contentUrl":"https:\/\/secure.gravatar.com\/avatar\/7c27f531a5f0b8b61666ba5c046c2c31?s=96&d=mm&r=g","caption":"Hern\u00e1ndez &amp; Vicente"}}]}},"_links":{"self":[{"href":"https:\/\/gabinete.net\/es\/wp-json\/wp\/v2\/posts\/858"}],"collection":[{"href":"https:\/\/gabinete.net\/es\/wp-json\/wp\/v2\/posts"}],"about":[{"href":"https:\/\/gabinete.net\/es\/wp-json\/wp\/v2\/types\/post"}],"author":[{"embeddable":true,"href":"https:\/\/gabinete.net\/es\/wp-json\/wp\/v2\/users\/2"}],"replies":[{"embeddable":true,"href":"https:\/\/gabinete.net\/es\/wp-json\/wp\/v2\/comments?post=858"}],"version-history":[{"count":2,"href":"https:\/\/gabinete.net\/es\/wp-json\/wp\/v2\/posts\/858\/revisions"}],"predecessor-version":[{"id":1592,"href":"https:\/\/gabinete.net\/es\/wp-json\/wp\/v2\/posts\/858\/revisions\/1592"}],"wp:featuredmedia":[{"embeddable":true,"href":"https:\/\/gabinete.net\/es\/wp-json\/wp\/v2\/media\/1333"}],"wp:attachment":[{"href":"https:\/\/gabinete.net\/es\/wp-json\/wp\/v2\/media?parent=858"}],"wp:term":[{"taxonomy":"category","embeddable":true,"href":"https:\/\/gabinete.net\/es\/wp-json\/wp\/v2\/categories?post=858"},{"taxonomy":"post_tag","embeddable":true,"href":"https:\/\/gabinete.net\/es\/wp-json\/wp\/v2\/tags?post=858"}],"curies":[{"name":"wp","href":"https:\/\/api.w.org\/{rel}","templated":true}]}}