{"id":889,"date":"2018-01-26T08:04:05","date_gmt":"2018-01-26T08:04:05","guid":{"rendered":"https:\/\/gabinete.net\/?p=889\/"},"modified":"2020-03-23T16:19:18","modified_gmt":"2020-03-23T16:19:18","slug":"obligacion-denunciar-vs-prueba-cargo-victima-los-delitos-violencia-genero","status":"publish","type":"post","link":"https:\/\/gabinete.net\/es\/obligacion-denunciar-vs-prueba-cargo-victima-los-delitos-violencia-genero\/","title":{"rendered":"Obligaci\u00f3n de denunciar vs. prueba de cargo de la v\u00edctima en los delitos de violencia de g\u00e9nero"},"content":{"rendered":"<p>El presente art\u00edculo tiene por objeto realizar una reflexi\u00f3n sobre el conflicto existente entre la conciencia colectiva, que anima a las v\u00edctimas de violencia de g\u00e9nero a denunciar y la frustraci\u00f3n, en cuanto a expectativas del proceso judicial. La v\u00edctima de violencia de g\u00e9nero recibe as\u00ed una doble victimizaci\u00f3n (la primera al sufrir la situaci\u00f3n de violencia y, la segunda, al encontrarse con palos en las ruedas a nivel judicial).<\/p>\n<p>El testimonio de la mujer se valora de forma minuciosa a diferencia de lo que ocurre en otros delitos. La violencia de g\u00e9nero funciona conforme a unos mecanismos distintos a los de otros tipos delictivos, de forma que no se puede extrapolar a otros. La victima necesita tener elementos de pruebas firmes que lo acrediten.<\/p>\n<p>Nuestro contexto social es bastante patriarcal, por lo que nos encontramos con que se culpa a la v\u00edctima, normalmente del sexo femenino, de la situaci\u00f3n sufrida. Eso provoca que la v\u00edctima se apegue m\u00e1s al agresor y le cueste mucho m\u00e1s salir del c\u00edrculo vicioso al que est\u00e1 sometida.<\/p>\n<p>Las estad\u00edsticas muestran un problema que hay que combatir de ra\u00edz. En uno de los Congresos de Violencia de G\u00e9nero en Sevilla celebrado en noviembre de 2015, se aport\u00f3 un estudio, que estimaba que en Espa\u00f1a hab\u00edan ocurrido alrededor de 600.000 casos de violencia de g\u00e9nero. De ellos 126.742 mujeres presentaron denuncias y como consecuencia de estas hubo 17.359 sentencias condenatorias. Por el contrario, 109.382 denuncias no acabaron en condena. Esto es, un 86,30% de denuncias que acaban en saco roto.<\/p>\n<p>A nivel penal, el procedimiento acarrea muchos obst\u00e1culos para la v\u00edctima, a menos que cuente con testigos y pruebas fiables para demostrar la situaci\u00f3n de violencia. En muchos casos, si la \u00fanica prueba es la palabra de uno contra la del otro, se aplica el criterio <em>in dubio pro reo<\/em> y se resuelve a favor del presunto agresor.<\/p>\n<p>Todo ello muestra que, a nivel general, en este tipo de delitos las pretensiones de la v\u00edctima no suelen llegarse a cubrir y que todav\u00eda estamos lejos de ser un referente en la lucha contra la violencia de g\u00e9nero.<\/p>\n<p>Indicar que el tel\u00e9fono de Atenci\u00f3n a v\u00edctimas de malos tratos por violencia de g\u00e9nero es el 016.<\/p>\n","protected":false},"excerpt":{"rendered":"<p>El presente art\u00edculo tiene por objeto realizar una reflexi\u00f3n sobre el conflicto existente entre la conciencia colectiva, que anima a las v\u00edctimas de violencia de g\u00e9nero a denunciar y la frustraci\u00f3n, en cuanto a expectativas del proceso judicial. La v\u00edctima de violencia de g\u00e9nero recibe as\u00ed una doble victimizaci\u00f3n (la primera al sufrir la situaci\u00f3n [&hellip;]<\/p>\n","protected":false},"author":2,"featured_media":1369,"comment_status":"open","ping_status":"open","sticky":false,"template":"","format":"standard","meta":[],"categories":[1,2],"tags":[],"yoast_head":"<!-- This site is optimized with the Yoast SEO plugin v16.7 - https:\/\/yoast.com\/wordpress\/plugins\/seo\/ -->\n<title>Obligaci\u00f3n de denunciar vs. prueba de cargo de la v\u00edctima en los delitos de violencia de g\u00e9nero - Gabinete<\/title>\n<meta name=\"robots\" content=\"index, follow, max-snippet:-1, max-image-preview:large, max-video-preview:-1\" \/>\n<link rel=\"canonical\" href=\"https:\/\/gabinete.net\/es\/obligacion-denunciar-vs-prueba-cargo-victima-los-delitos-violencia-genero\/\" \/>\n<meta property=\"og:locale\" content=\"es_ES\" \/>\n<meta property=\"og:type\" content=\"article\" \/>\n<meta property=\"og:title\" content=\"Obligaci\u00f3n de denunciar vs. prueba de cargo de la v\u00edctima en los delitos de violencia de g\u00e9nero - Gabinete\" \/>\n<meta property=\"og:description\" content=\"El presente art\u00edculo tiene por objeto realizar una reflexi\u00f3n sobre el conflicto existente entre la conciencia colectiva, que anima a las v\u00edctimas de violencia de g\u00e9nero a denunciar y la frustraci\u00f3n, en cuanto a expectativas del proceso judicial. La v\u00edctima de violencia de g\u00e9nero recibe as\u00ed una doble victimizaci\u00f3n (la primera al sufrir la situaci\u00f3n [&hellip;]\" \/>\n<meta property=\"og:url\" content=\"https:\/\/gabinete.net\/es\/obligacion-denunciar-vs-prueba-cargo-victima-los-delitos-violencia-genero\/\" \/>\n<meta property=\"og:site_name\" content=\"Gabinete\" \/>\n<meta property=\"article:publisher\" content=\"https:\/\/www.facebook.com\/Gabinete-Jur%c3%addico-Hern%c3%a1ndez-Vicente-SL-850104825098234\/\" \/>\n<meta property=\"article:published_time\" content=\"2018-01-26T08:04:05+00:00\" \/>\n<meta property=\"article:modified_time\" content=\"2020-03-23T16:19:18+00:00\" \/>\n<meta property=\"og:image\" content=\"https:\/\/gabinete.net\/wp-content\/uploads\/2020\/03\/4-violencia-genero.jpg\" \/>\n\t<meta property=\"og:image:width\" content=\"1000\" \/>\n\t<meta property=\"og:image:height\" content=\"667\" \/>\n<meta name=\"twitter:card\" content=\"summary_large_image\" \/>\n<meta name=\"twitter:label1\" content=\"Escrito por\" \/>\n\t<meta name=\"twitter:data1\" content=\"Hern\u00e1ndez &amp; Vicente\" \/>\n\t<meta name=\"twitter:label2\" content=\"Tiempo de lectura\" \/>\n\t<meta name=\"twitter:data2\" content=\"2 minutos\" \/>\n<script type=\"application\/ld+json\" class=\"yoast-schema-graph\">{\"@context\":\"https:\/\/schema.org\",\"@graph\":[{\"@type\":\"WebSite\",\"@id\":\"https:\/\/gabinete.net\/#website\",\"url\":\"https:\/\/gabinete.net\/\",\"name\":\"Gabinete\",\"description\":\"Otro sitio realizado con WordPress\",\"potentialAction\":[{\"@type\":\"SearchAction\",\"target\":{\"@type\":\"EntryPoint\",\"urlTemplate\":\"https:\/\/gabinete.net\/?s={search_term_string}\"},\"query-input\":\"required name=search_term_string\"}],\"inLanguage\":\"es\"},{\"@type\":\"ImageObject\",\"@id\":\"https:\/\/gabinete.net\/es\/obligacion-denunciar-vs-prueba-cargo-victima-los-delitos-violencia-genero\/#primaryimage\",\"inLanguage\":\"es\",\"url\":\"https:\/\/gabinete.net\/wp-content\/uploads\/2020\/03\/4-violencia-genero.jpg\",\"contentUrl\":\"https:\/\/gabinete.net\/wp-content\/uploads\/2020\/03\/4-violencia-genero.jpg\",\"width\":1000,\"height\":667},{\"@type\":\"WebPage\",\"@id\":\"https:\/\/gabinete.net\/es\/obligacion-denunciar-vs-prueba-cargo-victima-los-delitos-violencia-genero\/#webpage\",\"url\":\"https:\/\/gabinete.net\/es\/obligacion-denunciar-vs-prueba-cargo-victima-los-delitos-violencia-genero\/\",\"name\":\"Obligaci\\u00f3n de denunciar vs. prueba de cargo de la v\\u00edctima en los delitos de violencia de g\\u00e9nero - Gabinete\",\"isPartOf\":{\"@id\":\"https:\/\/gabinete.net\/#website\"},\"primaryImageOfPage\":{\"@id\":\"https:\/\/gabinete.net\/es\/obligacion-denunciar-vs-prueba-cargo-victima-los-delitos-violencia-genero\/#primaryimage\"},\"datePublished\":\"2018-01-26T08:04:05+00:00\",\"dateModified\":\"2020-03-23T16:19:18+00:00\",\"author\":{\"@id\":\"https:\/\/gabinete.net\/#\/schema\/person\/114c7f352df189fa1740c59e1aaf399b\"},\"breadcrumb\":{\"@id\":\"https:\/\/gabinete.net\/es\/obligacion-denunciar-vs-prueba-cargo-victima-los-delitos-violencia-genero\/#breadcrumb\"},\"inLanguage\":\"es\",\"potentialAction\":[{\"@type\":\"ReadAction\",\"target\":[\"https:\/\/gabinete.net\/es\/obligacion-denunciar-vs-prueba-cargo-victima-los-delitos-violencia-genero\/\"]}]},{\"@type\":\"BreadcrumbList\",\"@id\":\"https:\/\/gabinete.net\/es\/obligacion-denunciar-vs-prueba-cargo-victima-los-delitos-violencia-genero\/#breadcrumb\",\"itemListElement\":[{\"@type\":\"ListItem\",\"position\":1,\"name\":\"Inici\",\"item\":\"https:\/\/gabinete.net\/es\/\"},{\"@type\":\"ListItem\",\"position\":2,\"name\":\"Obligaci\\u00f3n de denunciar vs. prueba de cargo de la v\\u00edctima en los delitos de violencia de g\\u00e9nero\"}]},{\"@type\":\"Person\",\"@id\":\"https:\/\/gabinete.net\/#\/schema\/person\/114c7f352df189fa1740c59e1aaf399b\",\"name\":\"Hern\\u00e1ndez &amp; Vicente\",\"image\":{\"@type\":\"ImageObject\",\"@id\":\"https:\/\/gabinete.net\/#personlogo\",\"inLanguage\":\"es\",\"url\":\"https:\/\/secure.gravatar.com\/avatar\/7c27f531a5f0b8b61666ba5c046c2c31?s=96&d=mm&r=g\",\"contentUrl\":\"https:\/\/secure.gravatar.com\/avatar\/7c27f531a5f0b8b61666ba5c046c2c31?s=96&d=mm&r=g\",\"caption\":\"Hern\\u00e1ndez &amp; Vicente\"}}]}<\/script>\n<!-- \/ Yoast SEO plugin. -->","yoast_head_json":{"title":"Obligaci\u00f3n de denunciar vs. prueba de cargo de la v\u00edctima en los delitos de violencia de g\u00e9nero - Gabinete","robots":{"index":"index","follow":"follow","max-snippet":"max-snippet:-1","max-image-preview":"max-image-preview:large","max-video-preview":"max-video-preview:-1"},"canonical":"https:\/\/gabinete.net\/es\/obligacion-denunciar-vs-prueba-cargo-victima-los-delitos-violencia-genero\/","og_locale":"es_ES","og_type":"article","og_title":"Obligaci\u00f3n de denunciar vs. prueba de cargo de la v\u00edctima en los delitos de violencia de g\u00e9nero - Gabinete","og_description":"El presente art\u00edculo tiene por objeto realizar una reflexi\u00f3n sobre el conflicto existente entre la conciencia colectiva, que anima a las v\u00edctimas de violencia de g\u00e9nero a denunciar y la frustraci\u00f3n, en cuanto a expectativas del proceso judicial. La v\u00edctima de violencia de g\u00e9nero recibe as\u00ed una doble victimizaci\u00f3n (la primera al sufrir la situaci\u00f3n [&hellip;]","og_url":"https:\/\/gabinete.net\/es\/obligacion-denunciar-vs-prueba-cargo-victima-los-delitos-violencia-genero\/","og_site_name":"Gabinete","article_publisher":"https:\/\/www.facebook.com\/Gabinete-Jur%c3%addico-Hern%c3%a1ndez-Vicente-SL-850104825098234\/","article_published_time":"2018-01-26T08:04:05+00:00","article_modified_time":"2020-03-23T16:19:18+00:00","og_image":[{"width":1000,"height":667,"url":"https:\/\/gabinete.net\/wp-content\/uploads\/2020\/03\/4-violencia-genero.jpg","path":"\/home\/gabinetevp\/www\/wp-content\/uploads\/2020\/03\/4-violencia-genero.jpg","size":"full","id":1369,"alt":"","pixels":667000,"type":"image\/jpeg"}],"twitter_card":"summary_large_image","twitter_misc":{"Escrito por":"Hern\u00e1ndez &amp; Vicente","Tiempo de lectura":"2 minutos"},"schema":{"@context":"https:\/\/schema.org","@graph":[{"@type":"WebSite","@id":"https:\/\/gabinete.net\/#website","url":"https:\/\/gabinete.net\/","name":"Gabinete","description":"Otro sitio realizado con WordPress","potentialAction":[{"@type":"SearchAction","target":{"@type":"EntryPoint","urlTemplate":"https:\/\/gabinete.net\/?s={search_term_string}"},"query-input":"required name=search_term_string"}],"inLanguage":"es"},{"@type":"ImageObject","@id":"https:\/\/gabinete.net\/es\/obligacion-denunciar-vs-prueba-cargo-victima-los-delitos-violencia-genero\/#primaryimage","inLanguage":"es","url":"https:\/\/gabinete.net\/wp-content\/uploads\/2020\/03\/4-violencia-genero.jpg","contentUrl":"https:\/\/gabinete.net\/wp-content\/uploads\/2020\/03\/4-violencia-genero.jpg","width":1000,"height":667},{"@type":"WebPage","@id":"https:\/\/gabinete.net\/es\/obligacion-denunciar-vs-prueba-cargo-victima-los-delitos-violencia-genero\/#webpage","url":"https:\/\/gabinete.net\/es\/obligacion-denunciar-vs-prueba-cargo-victima-los-delitos-violencia-genero\/","name":"Obligaci\u00f3n de denunciar vs. prueba de cargo de la v\u00edctima en los delitos de violencia de g\u00e9nero - Gabinete","isPartOf":{"@id":"https:\/\/gabinete.net\/#website"},"primaryImageOfPage":{"@id":"https:\/\/gabinete.net\/es\/obligacion-denunciar-vs-prueba-cargo-victima-los-delitos-violencia-genero\/#primaryimage"},"datePublished":"2018-01-26T08:04:05+00:00","dateModified":"2020-03-23T16:19:18+00:00","author":{"@id":"https:\/\/gabinete.net\/#\/schema\/person\/114c7f352df189fa1740c59e1aaf399b"},"breadcrumb":{"@id":"https:\/\/gabinete.net\/es\/obligacion-denunciar-vs-prueba-cargo-victima-los-delitos-violencia-genero\/#breadcrumb"},"inLanguage":"es","potentialAction":[{"@type":"ReadAction","target":["https:\/\/gabinete.net\/es\/obligacion-denunciar-vs-prueba-cargo-victima-los-delitos-violencia-genero\/"]}]},{"@type":"BreadcrumbList","@id":"https:\/\/gabinete.net\/es\/obligacion-denunciar-vs-prueba-cargo-victima-los-delitos-violencia-genero\/#breadcrumb","itemListElement":[{"@type":"ListItem","position":1,"name":"Inici","item":"https:\/\/gabinete.net\/es\/"},{"@type":"ListItem","position":2,"name":"Obligaci\u00f3n de denunciar vs. prueba de cargo de la v\u00edctima en los delitos de violencia de g\u00e9nero"}]},{"@type":"Person","@id":"https:\/\/gabinete.net\/#\/schema\/person\/114c7f352df189fa1740c59e1aaf399b","name":"Hern\u00e1ndez &amp; Vicente","image":{"@type":"ImageObject","@id":"https:\/\/gabinete.net\/#personlogo","inLanguage":"es","url":"https:\/\/secure.gravatar.com\/avatar\/7c27f531a5f0b8b61666ba5c046c2c31?s=96&d=mm&r=g","contentUrl":"https:\/\/secure.gravatar.com\/avatar\/7c27f531a5f0b8b61666ba5c046c2c31?s=96&d=mm&r=g","caption":"Hern\u00e1ndez &amp; Vicente"}}]}},"_links":{"self":[{"href":"https:\/\/gabinete.net\/es\/wp-json\/wp\/v2\/posts\/889"}],"collection":[{"href":"https:\/\/gabinete.net\/es\/wp-json\/wp\/v2\/posts"}],"about":[{"href":"https:\/\/gabinete.net\/es\/wp-json\/wp\/v2\/types\/post"}],"author":[{"embeddable":true,"href":"https:\/\/gabinete.net\/es\/wp-json\/wp\/v2\/users\/2"}],"replies":[{"embeddable":true,"href":"https:\/\/gabinete.net\/es\/wp-json\/wp\/v2\/comments?post=889"}],"version-history":[{"count":1,"href":"https:\/\/gabinete.net\/es\/wp-json\/wp\/v2\/posts\/889\/revisions"}],"predecessor-version":[{"id":1550,"href":"https:\/\/gabinete.net\/es\/wp-json\/wp\/v2\/posts\/889\/revisions\/1550"}],"wp:featuredmedia":[{"embeddable":true,"href":"https:\/\/gabinete.net\/es\/wp-json\/wp\/v2\/media\/1369"}],"wp:attachment":[{"href":"https:\/\/gabinete.net\/es\/wp-json\/wp\/v2\/media?parent=889"}],"wp:term":[{"taxonomy":"category","embeddable":true,"href":"https:\/\/gabinete.net\/es\/wp-json\/wp\/v2\/categories?post=889"},{"taxonomy":"post_tag","embeddable":true,"href":"https:\/\/gabinete.net\/es\/wp-json\/wp\/v2\/tags?post=889"}],"curies":[{"name":"wp","href":"https:\/\/api.w.org\/{rel}","templated":true}]}}