{"id":895,"date":"2018-01-12T08:07:45","date_gmt":"2018-01-12T08:07:45","guid":{"rendered":"https:\/\/gabinete.net\/?p=895\/"},"modified":"2020-03-23T16:25:04","modified_gmt":"2020-03-23T16:25:04","slug":"agorafobia-e-incapacidad-para-trabajo","status":"publish","type":"post","link":"https:\/\/gabinete.net\/es\/agorafobia-e-incapacidad-para-trabajo\/","title":{"rendered":"Agorafobia e incapacidad para el trabajo"},"content":{"rendered":"<p>La agorafobia es un trastorno que consiste en un miedo irrefrenable a salir a la calle o a los espacios abiertos. Existe la agorafobia grave y el trastorno ansioso depresivo.<\/p>\n<p>Estos trastornos pueden limitar a la persona que los padecen y causan limitaciones funcionales como imposibilidad absoluta para utilizar el transporte p\u00fablico, incapacidad de rodearse de grandes masas de gente, incapacidad para trabajar en grandes espacios abiertos, cuadros de angustia, mareos e inestabilidad, etc.<\/p>\n<p>Ante esta situaci\u00f3n cabe preguntarse si es viable solicitar una minusval\u00eda por agorafobia y la respuesta es que s\u00ed. La agorafobia es motivo y es un trastorno reconocido en el baremo para poder solicitar un certificado de minusval\u00eda o discapacidad. Por lo tanto, llegado a un caso grave, podr\u00eda ser susceptible de reconocimiento de una pensi\u00f3n de invalidez.<\/p>\n<p>Recientemente un Juzgado de lo Social de Barcelona, en sentencia del pasado 15 de junio, ha reconocido una incapacidad permanente total a un trabajador, de profesi\u00f3n camionero, que padece dicho trastorno.<\/p>\n<p>La sentencia razon\u00f3 que el grado se reconoc\u00eda &#8220;b\u00e1sicamente por el riesgo que comporta la conducci\u00f3n de un veh\u00edculo de dichas dimensiones bajo los efectos secundarios de la medicaci\u00f3n que habitualmente debe tomar&#8221;, debido a las patolog\u00edas que padec\u00eda (trastornos de abuso de alcohol, aunque ya en remisi\u00f3n, y trastorno de ansiedad generalizada por agorafobia). Pero dos a\u00f1os despu\u00e9s, el INSS entendi\u00f3 que el pensionista hab\u00eda mejorado e inici\u00f3 de oficio un expediente de revisi\u00f3n.<\/p>\n<p>Ahora el Juzgado de lo Social n\u00ba 31 Barcelona, Sentencia de 30 de junio 2016 le da de nuevo la raz\u00f3n al estimar que no ha existido ninguna variaci\u00f3n entre la situaci\u00f3n de hace dos a\u00f1os cuando se reconoci\u00f3 la IPT y la de ahora.<\/p>\n<p>A este nivel, cabe recordar que el INSS puede revisar la situaci\u00f3n cl\u00ednica de la persona. Para que se produzca la modificaci\u00f3n del reconocimiento debe existir una agravaci\u00f3n o mejor\u00eda, para lo cual es necesario comparar el estado que presentaba el paciente en el momento del reconocimiento de la incapacidad permanente, con el que presenta en la actualidad.<\/p>\n","protected":false},"excerpt":{"rendered":"<p>La agorafobia es un trastorno que consiste en un miedo irrefrenable a salir a la calle o a los espacios abiertos. Existe la agorafobia grave y el trastorno ansioso depresivo. Estos trastornos pueden limitar a la persona que los padecen y causan limitaciones funcionales como imposibilidad absoluta para utilizar el transporte p\u00fablico, incapacidad de rodearse [&hellip;]<\/p>\n","protected":false},"author":2,"featured_media":1321,"comment_status":"open","ping_status":"open","sticky":false,"template":"","format":"standard","meta":[],"categories":[1,2],"tags":[],"yoast_head":"<!-- This site is optimized with the Yoast SEO plugin v16.7 - https:\/\/yoast.com\/wordpress\/plugins\/seo\/ -->\n<title>Agorafobia e incapacidad para el trabajo - Gabinete<\/title>\n<meta name=\"robots\" content=\"index, follow, max-snippet:-1, max-image-preview:large, max-video-preview:-1\" \/>\n<link rel=\"canonical\" href=\"https:\/\/gabinete.net\/es\/agorafobia-e-incapacidad-para-trabajo\/\" \/>\n<meta property=\"og:locale\" content=\"es_ES\" \/>\n<meta property=\"og:type\" content=\"article\" \/>\n<meta property=\"og:title\" content=\"Agorafobia e incapacidad para el trabajo - Gabinete\" \/>\n<meta property=\"og:description\" content=\"La agorafobia es un trastorno que consiste en un miedo irrefrenable a salir a la calle o a los espacios abiertos. Existe la agorafobia grave y el trastorno ansioso depresivo. Estos trastornos pueden limitar a la persona que los padecen y causan limitaciones funcionales como imposibilidad absoluta para utilizar el transporte p\u00fablico, incapacidad de rodearse [&hellip;]\" \/>\n<meta property=\"og:url\" content=\"https:\/\/gabinete.net\/es\/agorafobia-e-incapacidad-para-trabajo\/\" \/>\n<meta property=\"og:site_name\" content=\"Gabinete\" \/>\n<meta property=\"article:publisher\" content=\"https:\/\/www.facebook.com\/Gabinete-Jur%c3%addico-Hern%c3%a1ndez-Vicente-SL-850104825098234\/\" \/>\n<meta property=\"article:published_time\" content=\"2018-01-12T08:07:45+00:00\" \/>\n<meta property=\"article:modified_time\" content=\"2020-03-23T16:25:04+00:00\" \/>\n<meta property=\"og:image\" content=\"https:\/\/gabinete.net\/wp-content\/uploads\/2020\/03\/2-agorafobia.jpg\" \/>\n\t<meta property=\"og:image:width\" content=\"1000\" \/>\n\t<meta property=\"og:image:height\" content=\"667\" \/>\n<meta name=\"twitter:card\" content=\"summary_large_image\" \/>\n<meta name=\"twitter:label1\" content=\"Escrito por\" \/>\n\t<meta name=\"twitter:data1\" content=\"Hern\u00e1ndez &amp; Vicente\" \/>\n\t<meta name=\"twitter:label2\" content=\"Tiempo de lectura\" \/>\n\t<meta name=\"twitter:data2\" content=\"2 minutos\" \/>\n<script type=\"application\/ld+json\" class=\"yoast-schema-graph\">{\"@context\":\"https:\/\/schema.org\",\"@graph\":[{\"@type\":\"WebSite\",\"@id\":\"https:\/\/gabinete.net\/#website\",\"url\":\"https:\/\/gabinete.net\/\",\"name\":\"Gabinete\",\"description\":\"Otro sitio realizado con WordPress\",\"potentialAction\":[{\"@type\":\"SearchAction\",\"target\":{\"@type\":\"EntryPoint\",\"urlTemplate\":\"https:\/\/gabinete.net\/?s={search_term_string}\"},\"query-input\":\"required name=search_term_string\"}],\"inLanguage\":\"es\"},{\"@type\":\"ImageObject\",\"@id\":\"https:\/\/gabinete.net\/es\/agorafobia-e-incapacidad-para-trabajo\/#primaryimage\",\"inLanguage\":\"es\",\"url\":\"https:\/\/gabinete.net\/wp-content\/uploads\/2020\/03\/2-agorafobia.jpg\",\"contentUrl\":\"https:\/\/gabinete.net\/wp-content\/uploads\/2020\/03\/2-agorafobia.jpg\",\"width\":1000,\"height\":667},{\"@type\":\"WebPage\",\"@id\":\"https:\/\/gabinete.net\/es\/agorafobia-e-incapacidad-para-trabajo\/#webpage\",\"url\":\"https:\/\/gabinete.net\/es\/agorafobia-e-incapacidad-para-trabajo\/\",\"name\":\"Agorafobia e incapacidad para el trabajo - Gabinete\",\"isPartOf\":{\"@id\":\"https:\/\/gabinete.net\/#website\"},\"primaryImageOfPage\":{\"@id\":\"https:\/\/gabinete.net\/es\/agorafobia-e-incapacidad-para-trabajo\/#primaryimage\"},\"datePublished\":\"2018-01-12T08:07:45+00:00\",\"dateModified\":\"2020-03-23T16:25:04+00:00\",\"author\":{\"@id\":\"https:\/\/gabinete.net\/#\/schema\/person\/114c7f352df189fa1740c59e1aaf399b\"},\"breadcrumb\":{\"@id\":\"https:\/\/gabinete.net\/es\/agorafobia-e-incapacidad-para-trabajo\/#breadcrumb\"},\"inLanguage\":\"es\",\"potentialAction\":[{\"@type\":\"ReadAction\",\"target\":[\"https:\/\/gabinete.net\/es\/agorafobia-e-incapacidad-para-trabajo\/\"]}]},{\"@type\":\"BreadcrumbList\",\"@id\":\"https:\/\/gabinete.net\/es\/agorafobia-e-incapacidad-para-trabajo\/#breadcrumb\",\"itemListElement\":[{\"@type\":\"ListItem\",\"position\":1,\"name\":\"Inici\",\"item\":\"https:\/\/gabinete.net\/es\/\"},{\"@type\":\"ListItem\",\"position\":2,\"name\":\"Agorafobia e incapacidad para el trabajo\"}]},{\"@type\":\"Person\",\"@id\":\"https:\/\/gabinete.net\/#\/schema\/person\/114c7f352df189fa1740c59e1aaf399b\",\"name\":\"Hern\\u00e1ndez &amp; Vicente\",\"image\":{\"@type\":\"ImageObject\",\"@id\":\"https:\/\/gabinete.net\/#personlogo\",\"inLanguage\":\"es\",\"url\":\"https:\/\/secure.gravatar.com\/avatar\/7c27f531a5f0b8b61666ba5c046c2c31?s=96&d=mm&r=g\",\"contentUrl\":\"https:\/\/secure.gravatar.com\/avatar\/7c27f531a5f0b8b61666ba5c046c2c31?s=96&d=mm&r=g\",\"caption\":\"Hern\\u00e1ndez &amp; Vicente\"}}]}<\/script>\n<!-- \/ Yoast SEO plugin. -->","yoast_head_json":{"title":"Agorafobia e incapacidad para el trabajo - Gabinete","robots":{"index":"index","follow":"follow","max-snippet":"max-snippet:-1","max-image-preview":"max-image-preview:large","max-video-preview":"max-video-preview:-1"},"canonical":"https:\/\/gabinete.net\/es\/agorafobia-e-incapacidad-para-trabajo\/","og_locale":"es_ES","og_type":"article","og_title":"Agorafobia e incapacidad para el trabajo - Gabinete","og_description":"La agorafobia es un trastorno que consiste en un miedo irrefrenable a salir a la calle o a los espacios abiertos. Existe la agorafobia grave y el trastorno ansioso depresivo. Estos trastornos pueden limitar a la persona que los padecen y causan limitaciones funcionales como imposibilidad absoluta para utilizar el transporte p\u00fablico, incapacidad de rodearse [&hellip;]","og_url":"https:\/\/gabinete.net\/es\/agorafobia-e-incapacidad-para-trabajo\/","og_site_name":"Gabinete","article_publisher":"https:\/\/www.facebook.com\/Gabinete-Jur%c3%addico-Hern%c3%a1ndez-Vicente-SL-850104825098234\/","article_published_time":"2018-01-12T08:07:45+00:00","article_modified_time":"2020-03-23T16:25:04+00:00","og_image":[{"width":1000,"height":667,"url":"https:\/\/gabinete.net\/wp-content\/uploads\/2020\/03\/2-agorafobia.jpg","path":"\/home\/gabinetevp\/www\/wp-content\/uploads\/2020\/03\/2-agorafobia.jpg","size":"full","id":1321,"alt":"","pixels":667000,"type":"image\/jpeg"}],"twitter_card":"summary_large_image","twitter_misc":{"Escrito por":"Hern\u00e1ndez &amp; Vicente","Tiempo de lectura":"2 minutos"},"schema":{"@context":"https:\/\/schema.org","@graph":[{"@type":"WebSite","@id":"https:\/\/gabinete.net\/#website","url":"https:\/\/gabinete.net\/","name":"Gabinete","description":"Otro sitio realizado con WordPress","potentialAction":[{"@type":"SearchAction","target":{"@type":"EntryPoint","urlTemplate":"https:\/\/gabinete.net\/?s={search_term_string}"},"query-input":"required name=search_term_string"}],"inLanguage":"es"},{"@type":"ImageObject","@id":"https:\/\/gabinete.net\/es\/agorafobia-e-incapacidad-para-trabajo\/#primaryimage","inLanguage":"es","url":"https:\/\/gabinete.net\/wp-content\/uploads\/2020\/03\/2-agorafobia.jpg","contentUrl":"https:\/\/gabinete.net\/wp-content\/uploads\/2020\/03\/2-agorafobia.jpg","width":1000,"height":667},{"@type":"WebPage","@id":"https:\/\/gabinete.net\/es\/agorafobia-e-incapacidad-para-trabajo\/#webpage","url":"https:\/\/gabinete.net\/es\/agorafobia-e-incapacidad-para-trabajo\/","name":"Agorafobia e incapacidad para el trabajo - Gabinete","isPartOf":{"@id":"https:\/\/gabinete.net\/#website"},"primaryImageOfPage":{"@id":"https:\/\/gabinete.net\/es\/agorafobia-e-incapacidad-para-trabajo\/#primaryimage"},"datePublished":"2018-01-12T08:07:45+00:00","dateModified":"2020-03-23T16:25:04+00:00","author":{"@id":"https:\/\/gabinete.net\/#\/schema\/person\/114c7f352df189fa1740c59e1aaf399b"},"breadcrumb":{"@id":"https:\/\/gabinete.net\/es\/agorafobia-e-incapacidad-para-trabajo\/#breadcrumb"},"inLanguage":"es","potentialAction":[{"@type":"ReadAction","target":["https:\/\/gabinete.net\/es\/agorafobia-e-incapacidad-para-trabajo\/"]}]},{"@type":"BreadcrumbList","@id":"https:\/\/gabinete.net\/es\/agorafobia-e-incapacidad-para-trabajo\/#breadcrumb","itemListElement":[{"@type":"ListItem","position":1,"name":"Inici","item":"https:\/\/gabinete.net\/es\/"},{"@type":"ListItem","position":2,"name":"Agorafobia e incapacidad para el trabajo"}]},{"@type":"Person","@id":"https:\/\/gabinete.net\/#\/schema\/person\/114c7f352df189fa1740c59e1aaf399b","name":"Hern\u00e1ndez &amp; Vicente","image":{"@type":"ImageObject","@id":"https:\/\/gabinete.net\/#personlogo","inLanguage":"es","url":"https:\/\/secure.gravatar.com\/avatar\/7c27f531a5f0b8b61666ba5c046c2c31?s=96&d=mm&r=g","contentUrl":"https:\/\/secure.gravatar.com\/avatar\/7c27f531a5f0b8b61666ba5c046c2c31?s=96&d=mm&r=g","caption":"Hern\u00e1ndez &amp; Vicente"}}]}},"_links":{"self":[{"href":"https:\/\/gabinete.net\/es\/wp-json\/wp\/v2\/posts\/895"}],"collection":[{"href":"https:\/\/gabinete.net\/es\/wp-json\/wp\/v2\/posts"}],"about":[{"href":"https:\/\/gabinete.net\/es\/wp-json\/wp\/v2\/types\/post"}],"author":[{"embeddable":true,"href":"https:\/\/gabinete.net\/es\/wp-json\/wp\/v2\/users\/2"}],"replies":[{"embeddable":true,"href":"https:\/\/gabinete.net\/es\/wp-json\/wp\/v2\/comments?post=895"}],"version-history":[{"count":2,"href":"https:\/\/gabinete.net\/es\/wp-json\/wp\/v2\/posts\/895\/revisions"}],"predecessor-version":[{"id":1559,"href":"https:\/\/gabinete.net\/es\/wp-json\/wp\/v2\/posts\/895\/revisions\/1559"}],"wp:featuredmedia":[{"embeddable":true,"href":"https:\/\/gabinete.net\/es\/wp-json\/wp\/v2\/media\/1321"}],"wp:attachment":[{"href":"https:\/\/gabinete.net\/es\/wp-json\/wp\/v2\/media?parent=895"}],"wp:term":[{"taxonomy":"category","embeddable":true,"href":"https:\/\/gabinete.net\/es\/wp-json\/wp\/v2\/categories?post=895"},{"taxonomy":"post_tag","embeddable":true,"href":"https:\/\/gabinete.net\/es\/wp-json\/wp\/v2\/tags?post=895"}],"curies":[{"name":"wp","href":"https:\/\/api.w.org\/{rel}","templated":true}]}}