{"id":946,"date":"2018-03-13T10:57:25","date_gmt":"2018-03-13T10:57:25","guid":{"rendered":"https:\/\/gabinete.net\/?p=946\/"},"modified":"2020-03-23T15:45:52","modified_gmt":"2020-03-23T15:45:52","slug":"contratacion-de-un-familiar","status":"publish","type":"post","link":"https:\/\/gabinete.net\/es\/contratacion-de-un-familiar\/","title":{"rendered":"Contrataci\u00f3n de un familiar"},"content":{"rendered":"<p>No existe ning\u00fan impedimento legal para la contrataci\u00f3n de un familiar, ahora bien, en funci\u00f3n de la relaci\u00f3n familiar entre ambos familiares se podr\u00e1 contratar mediante una relaci\u00f3n laboral o mediante una relaci\u00f3n mercantil. En ese sentido, el art\u00edculo 7.2 de la Ley General de Seguridad Social establece que no tendr\u00e1n consideraci\u00f3n de trabajadores por cuenta ajena, salvo prueba de lo contrario, los familiares de hasta segundo grado. As\u00ed pues, un familiar directo debe ser contratado como aut\u00f3nomo colaborador mediante una relaci\u00f3n mercantil. Este tipo de contrataci\u00f3n se debe al hecho de que como familiar se corre el mismo riesgo, ya que los frutos de la empresa se destinan a un beneficio com\u00fan, la comunidad familiar. Cabe se\u00f1alar que los hijos menores de 30 a\u00f1os que convivan en el domicilio familiar son considerados una excepci\u00f3n, pues el empresario est\u00e1 obligado a contratarlos como trabajadores por cuenta ajena.<\/p>\n<p>El familiar aut\u00f3nomo colaborador, para poder trabajar tendr\u00e1 que darse de alta en el r\u00e9gimen especial de trabajadores aut\u00f3nomos y abonar la cuant\u00eda correspondiente a su bonificaci\u00f3n. Adem\u00e1s, no gozar\u00e1 del beneficio m\u00e1s importante del afiliado a la Seguridad Social, la prestaci\u00f3n por desempleo.<\/p>\n<p>A pesar de lo expuesto anteriormente, existe la posibilidad de hacer un contrato laboral a un familiar si este demuestra que no existen los requisitos para incluirlo dentro del r\u00e9gimen de trabajadores aut\u00f3nomos. El aspecto principal que se debe probar es la no dependencia con el domicilio familiar.<\/p>\n<p>Cuando se pretenda dar de alta al trabajador se acompa\u00f1ar\u00e1 una declaraci\u00f3n del empresario y del familiar en la que se har\u00e1 constar la inexistencia de dependencia con el entorno familiar, que podr\u00e1 ser denegada por la Inspecci\u00f3n de Trabajo, y obligar as\u00ed al empresario a contratar mediante una relaci\u00f3n mercantil.<\/p>\n<p>A modo de conclusi\u00f3n, la contrataci\u00f3n de un familiar como aut\u00f3nomo no siempre es la soluci\u00f3n m\u00e1s adecuada, pues acarrea una serie de consecuencias que pueden conducir al conflicto dentro del mismo domicilio.<\/p>\n","protected":false},"excerpt":{"rendered":"<p>No existe ning\u00fan impedimento legal para la contrataci\u00f3n de un familiar, ahora bien, en funci\u00f3n de la relaci\u00f3n familiar entre ambos familiares se podr\u00e1 contratar mediante una relaci\u00f3n laboral o mediante una relaci\u00f3n mercantil. En ese sentido, el art\u00edculo 7.2 de la Ley General de Seguridad Social establece que no tendr\u00e1n consideraci\u00f3n de trabajadores por [&hellip;]<\/p>\n","protected":false},"author":2,"featured_media":1327,"comment_status":"open","ping_status":"open","sticky":false,"template":"","format":"standard","meta":[],"categories":[1,2],"tags":[],"yoast_head":"<!-- This site is optimized with the Yoast SEO plugin v16.7 - https:\/\/yoast.com\/wordpress\/plugins\/seo\/ -->\n<title>Contrataci\u00f3n de un familiar - Gabinete<\/title>\n<meta name=\"robots\" content=\"index, follow, max-snippet:-1, max-image-preview:large, max-video-preview:-1\" \/>\n<link rel=\"canonical\" href=\"https:\/\/gabinete.net\/es\/contratacion-de-un-familiar\/\" \/>\n<meta property=\"og:locale\" content=\"es_ES\" \/>\n<meta property=\"og:type\" content=\"article\" \/>\n<meta property=\"og:title\" content=\"Contrataci\u00f3n de un familiar - Gabinete\" \/>\n<meta property=\"og:description\" content=\"No existe ning\u00fan impedimento legal para la contrataci\u00f3n de un familiar, ahora bien, en funci\u00f3n de la relaci\u00f3n familiar entre ambos familiares se podr\u00e1 contratar mediante una relaci\u00f3n laboral o mediante una relaci\u00f3n mercantil. En ese sentido, el art\u00edculo 7.2 de la Ley General de Seguridad Social establece que no tendr\u00e1n consideraci\u00f3n de trabajadores por [&hellip;]\" \/>\n<meta property=\"og:url\" content=\"https:\/\/gabinete.net\/es\/contratacion-de-un-familiar\/\" \/>\n<meta property=\"og:site_name\" content=\"Gabinete\" \/>\n<meta property=\"article:publisher\" content=\"https:\/\/www.facebook.com\/Gabinete-Jur%c3%addico-Hern%c3%a1ndez-Vicente-SL-850104825098234\/\" \/>\n<meta property=\"article:published_time\" content=\"2018-03-13T10:57:25+00:00\" \/>\n<meta property=\"article:modified_time\" content=\"2020-03-23T15:45:52+00:00\" \/>\n<meta property=\"og:image\" content=\"https:\/\/gabinete.net\/wp-content\/uploads\/2020\/03\/2-contratacion-familiar.jpg\" \/>\n\t<meta property=\"og:image:width\" content=\"1000\" \/>\n\t<meta property=\"og:image:height\" content=\"668\" \/>\n<meta name=\"twitter:card\" content=\"summary_large_image\" \/>\n<meta name=\"twitter:label1\" content=\"Escrito por\" \/>\n\t<meta name=\"twitter:data1\" content=\"Hern\u00e1ndez &amp; Vicente\" \/>\n\t<meta name=\"twitter:label2\" content=\"Tiempo de lectura\" \/>\n\t<meta name=\"twitter:data2\" content=\"2 minutos\" \/>\n<script type=\"application\/ld+json\" class=\"yoast-schema-graph\">{\"@context\":\"https:\/\/schema.org\",\"@graph\":[{\"@type\":\"WebSite\",\"@id\":\"https:\/\/gabinete.net\/#website\",\"url\":\"https:\/\/gabinete.net\/\",\"name\":\"Gabinete\",\"description\":\"Otro sitio realizado con WordPress\",\"potentialAction\":[{\"@type\":\"SearchAction\",\"target\":{\"@type\":\"EntryPoint\",\"urlTemplate\":\"https:\/\/gabinete.net\/?s={search_term_string}\"},\"query-input\":\"required name=search_term_string\"}],\"inLanguage\":\"es\"},{\"@type\":\"ImageObject\",\"@id\":\"https:\/\/gabinete.net\/es\/contratacion-de-un-familiar\/#primaryimage\",\"inLanguage\":\"es\",\"url\":\"https:\/\/gabinete.net\/wp-content\/uploads\/2020\/03\/2-contratacion-familiar.jpg\",\"contentUrl\":\"https:\/\/gabinete.net\/wp-content\/uploads\/2020\/03\/2-contratacion-familiar.jpg\",\"width\":1000,\"height\":668,\"caption\":\"Negotiating business,Image businesswomen handshake,happy with work,business woman she is enjoying with her workmate,Handshake Gesturing People Connection Deal Concept. Vintage effect style pictures.\"},{\"@type\":\"WebPage\",\"@id\":\"https:\/\/gabinete.net\/es\/contratacion-de-un-familiar\/#webpage\",\"url\":\"https:\/\/gabinete.net\/es\/contratacion-de-un-familiar\/\",\"name\":\"Contrataci\\u00f3n de un familiar - Gabinete\",\"isPartOf\":{\"@id\":\"https:\/\/gabinete.net\/#website\"},\"primaryImageOfPage\":{\"@id\":\"https:\/\/gabinete.net\/es\/contratacion-de-un-familiar\/#primaryimage\"},\"datePublished\":\"2018-03-13T10:57:25+00:00\",\"dateModified\":\"2020-03-23T15:45:52+00:00\",\"author\":{\"@id\":\"https:\/\/gabinete.net\/#\/schema\/person\/114c7f352df189fa1740c59e1aaf399b\"},\"breadcrumb\":{\"@id\":\"https:\/\/gabinete.net\/es\/contratacion-de-un-familiar\/#breadcrumb\"},\"inLanguage\":\"es\",\"potentialAction\":[{\"@type\":\"ReadAction\",\"target\":[\"https:\/\/gabinete.net\/es\/contratacion-de-un-familiar\/\"]}]},{\"@type\":\"BreadcrumbList\",\"@id\":\"https:\/\/gabinete.net\/es\/contratacion-de-un-familiar\/#breadcrumb\",\"itemListElement\":[{\"@type\":\"ListItem\",\"position\":1,\"name\":\"Inici\",\"item\":\"https:\/\/gabinete.net\/es\/\"},{\"@type\":\"ListItem\",\"position\":2,\"name\":\"Contrataci\\u00f3n de un familiar\"}]},{\"@type\":\"Person\",\"@id\":\"https:\/\/gabinete.net\/#\/schema\/person\/114c7f352df189fa1740c59e1aaf399b\",\"name\":\"Hern\\u00e1ndez &amp; Vicente\",\"image\":{\"@type\":\"ImageObject\",\"@id\":\"https:\/\/gabinete.net\/#personlogo\",\"inLanguage\":\"es\",\"url\":\"https:\/\/secure.gravatar.com\/avatar\/7c27f531a5f0b8b61666ba5c046c2c31?s=96&d=mm&r=g\",\"contentUrl\":\"https:\/\/secure.gravatar.com\/avatar\/7c27f531a5f0b8b61666ba5c046c2c31?s=96&d=mm&r=g\",\"caption\":\"Hern\\u00e1ndez &amp; Vicente\"}}]}<\/script>\n<!-- \/ Yoast SEO plugin. -->","yoast_head_json":{"title":"Contrataci\u00f3n de un familiar - Gabinete","robots":{"index":"index","follow":"follow","max-snippet":"max-snippet:-1","max-image-preview":"max-image-preview:large","max-video-preview":"max-video-preview:-1"},"canonical":"https:\/\/gabinete.net\/es\/contratacion-de-un-familiar\/","og_locale":"es_ES","og_type":"article","og_title":"Contrataci\u00f3n de un familiar - Gabinete","og_description":"No existe ning\u00fan impedimento legal para la contrataci\u00f3n de un familiar, ahora bien, en funci\u00f3n de la relaci\u00f3n familiar entre ambos familiares se podr\u00e1 contratar mediante una relaci\u00f3n laboral o mediante una relaci\u00f3n mercantil. En ese sentido, el art\u00edculo 7.2 de la Ley General de Seguridad Social establece que no tendr\u00e1n consideraci\u00f3n de trabajadores por [&hellip;]","og_url":"https:\/\/gabinete.net\/es\/contratacion-de-un-familiar\/","og_site_name":"Gabinete","article_publisher":"https:\/\/www.facebook.com\/Gabinete-Jur%c3%addico-Hern%c3%a1ndez-Vicente-SL-850104825098234\/","article_published_time":"2018-03-13T10:57:25+00:00","article_modified_time":"2020-03-23T15:45:52+00:00","og_image":[{"width":1000,"height":668,"url":"https:\/\/gabinete.net\/wp-content\/uploads\/2020\/03\/2-contratacion-familiar.jpg","path":"\/home\/gabinetevp\/www\/wp-content\/uploads\/2020\/03\/2-contratacion-familiar.jpg","size":"full","id":1327,"alt":"","pixels":668000,"type":"image\/jpeg"}],"twitter_card":"summary_large_image","twitter_misc":{"Escrito por":"Hern\u00e1ndez &amp; Vicente","Tiempo de lectura":"2 minutos"},"schema":{"@context":"https:\/\/schema.org","@graph":[{"@type":"WebSite","@id":"https:\/\/gabinete.net\/#website","url":"https:\/\/gabinete.net\/","name":"Gabinete","description":"Otro sitio realizado con WordPress","potentialAction":[{"@type":"SearchAction","target":{"@type":"EntryPoint","urlTemplate":"https:\/\/gabinete.net\/?s={search_term_string}"},"query-input":"required name=search_term_string"}],"inLanguage":"es"},{"@type":"ImageObject","@id":"https:\/\/gabinete.net\/es\/contratacion-de-un-familiar\/#primaryimage","inLanguage":"es","url":"https:\/\/gabinete.net\/wp-content\/uploads\/2020\/03\/2-contratacion-familiar.jpg","contentUrl":"https:\/\/gabinete.net\/wp-content\/uploads\/2020\/03\/2-contratacion-familiar.jpg","width":1000,"height":668,"caption":"Negotiating business,Image businesswomen handshake,happy with work,business woman she is enjoying with her workmate,Handshake Gesturing People Connection Deal Concept. Vintage effect style pictures."},{"@type":"WebPage","@id":"https:\/\/gabinete.net\/es\/contratacion-de-un-familiar\/#webpage","url":"https:\/\/gabinete.net\/es\/contratacion-de-un-familiar\/","name":"Contrataci\u00f3n de un familiar - Gabinete","isPartOf":{"@id":"https:\/\/gabinete.net\/#website"},"primaryImageOfPage":{"@id":"https:\/\/gabinete.net\/es\/contratacion-de-un-familiar\/#primaryimage"},"datePublished":"2018-03-13T10:57:25+00:00","dateModified":"2020-03-23T15:45:52+00:00","author":{"@id":"https:\/\/gabinete.net\/#\/schema\/person\/114c7f352df189fa1740c59e1aaf399b"},"breadcrumb":{"@id":"https:\/\/gabinete.net\/es\/contratacion-de-un-familiar\/#breadcrumb"},"inLanguage":"es","potentialAction":[{"@type":"ReadAction","target":["https:\/\/gabinete.net\/es\/contratacion-de-un-familiar\/"]}]},{"@type":"BreadcrumbList","@id":"https:\/\/gabinete.net\/es\/contratacion-de-un-familiar\/#breadcrumb","itemListElement":[{"@type":"ListItem","position":1,"name":"Inici","item":"https:\/\/gabinete.net\/es\/"},{"@type":"ListItem","position":2,"name":"Contrataci\u00f3n de un familiar"}]},{"@type":"Person","@id":"https:\/\/gabinete.net\/#\/schema\/person\/114c7f352df189fa1740c59e1aaf399b","name":"Hern\u00e1ndez &amp; Vicente","image":{"@type":"ImageObject","@id":"https:\/\/gabinete.net\/#personlogo","inLanguage":"es","url":"https:\/\/secure.gravatar.com\/avatar\/7c27f531a5f0b8b61666ba5c046c2c31?s=96&d=mm&r=g","contentUrl":"https:\/\/secure.gravatar.com\/avatar\/7c27f531a5f0b8b61666ba5c046c2c31?s=96&d=mm&r=g","caption":"Hern\u00e1ndez &amp; Vicente"}}]}},"_links":{"self":[{"href":"https:\/\/gabinete.net\/es\/wp-json\/wp\/v2\/posts\/946"}],"collection":[{"href":"https:\/\/gabinete.net\/es\/wp-json\/wp\/v2\/posts"}],"about":[{"href":"https:\/\/gabinete.net\/es\/wp-json\/wp\/v2\/types\/post"}],"author":[{"embeddable":true,"href":"https:\/\/gabinete.net\/es\/wp-json\/wp\/v2\/users\/2"}],"replies":[{"embeddable":true,"href":"https:\/\/gabinete.net\/es\/wp-json\/wp\/v2\/comments?post=946"}],"version-history":[{"count":1,"href":"https:\/\/gabinete.net\/es\/wp-json\/wp\/v2\/posts\/946\/revisions"}],"predecessor-version":[{"id":1524,"href":"https:\/\/gabinete.net\/es\/wp-json\/wp\/v2\/posts\/946\/revisions\/1524"}],"wp:featuredmedia":[{"embeddable":true,"href":"https:\/\/gabinete.net\/es\/wp-json\/wp\/v2\/media\/1327"}],"wp:attachment":[{"href":"https:\/\/gabinete.net\/es\/wp-json\/wp\/v2\/media?parent=946"}],"wp:term":[{"taxonomy":"category","embeddable":true,"href":"https:\/\/gabinete.net\/es\/wp-json\/wp\/v2\/categories?post=946"},{"taxonomy":"post_tag","embeddable":true,"href":"https:\/\/gabinete.net\/es\/wp-json\/wp\/v2\/tags?post=946"}],"curies":[{"name":"wp","href":"https:\/\/api.w.org\/{rel}","templated":true}]}}