{"id":956,"date":"2018-03-27T11:08:29","date_gmt":"2018-03-27T11:08:29","guid":{"rendered":"https:\/\/gabinete.net\/?p=956\/"},"modified":"2020-03-23T15:45:04","modified_gmt":"2020-03-23T15:45:04","slug":"responsabilidad-penal-los-menores","status":"publish","type":"post","link":"https:\/\/gabinete.net\/es\/responsabilidad-penal-los-menores\/","title":{"rendered":"La responsabilidad penal de los menores"},"content":{"rendered":"<p>La responsabilidad penal de los menores est\u00e1 regulada en la Ley Org\u00e1nica 5\/2000, de 12 de enero, reguladora de la responsabilidad penal de los menores y se aplica a las personas mayores de catorce a\u00f1os y menores de dieciocho que cometan hechos tipificados como delitos seg\u00fan el C\u00f3digo Penal.<\/p>\n<p>Esta ley introdujo dos novedades muy importantes y demandadas por los ciudadanos.<\/p>\n<p>Por un lado, contempl\u00f3 por primera vez la responsabilidad civil del infractor, con el objetivo de intentar reparar el da\u00f1o causado a la v\u00edctima y que esta no quedara desamparada. De ah\u00ed nace la posibilidad de que a los padres del menor se les atribuya la responsabilidad civil solidaria respecto al da\u00f1o que sus hijos causen.<\/p>\n<p>Por otro lado, introdujo un r\u00e9gimen espec\u00edfico para mayores de 14 a\u00f1os y menores de 18, seg\u00fan el cual se puede exigir responsabilidad por cometer hechos tipificados como delitos por el C\u00f3digo penal, buscando su reinserci\u00f3n y adapt\u00e1ndolo a la edad, de manera que la ley no impone \u201cpenas\u201d, sino \u201cmedidas\u201d orientadas a la reeducaci\u00f3n.<\/p>\n<p>Dentro de las medidas m\u00e1s habituales encontramos el internamiento en diferentes tipos de reg\u00edmenes (cerrado, semiabierto, abierto), centros de d\u00eda, permanencia de fines de semana, libertad vigilada, entre otros.<\/p>\n<p>En 2006, a ra\u00edz de casos tan desgarradores como el de Sandra Palo, se realiz\u00f3 una modificaci\u00f3n mediante la Ley Org\u00e1nica 8\/2006, de 4 de diciembre, que contempla la posibilidad de alargar el tiempo de internamiento en los centros hasta cinco a\u00f1os con un m\u00e1ximo m\u00e1s de 3 a\u00f1os de libertad vigilada y la posibilidad que el delincuente contin\u00fae cumpliendo la medida incluso habiendo alcanzado la mayor\u00eda de edad.<\/p>\n","protected":false},"excerpt":{"rendered":"<p>La responsabilidad penal de los menores est\u00e1 regulada en la Ley Org\u00e1nica 5\/2000, de 12 de enero, reguladora de la responsabilidad penal de los menores y se aplica a las personas mayores de catorce a\u00f1os y menores de dieciocho que cometan hechos tipificados como delitos seg\u00fan el C\u00f3digo Penal. Esta ley introdujo dos novedades muy [&hellip;]<\/p>\n","protected":false},"author":2,"featured_media":1367,"comment_status":"open","ping_status":"open","sticky":false,"template":"","format":"standard","meta":[],"categories":[1,2],"tags":[],"yoast_head":"<!-- This site is optimized with the Yoast SEO plugin v16.7 - https:\/\/yoast.com\/wordpress\/plugins\/seo\/ -->\n<title>La responsabilidad penal de los menores - Gabinete<\/title>\n<meta name=\"robots\" content=\"index, follow, max-snippet:-1, max-image-preview:large, max-video-preview:-1\" \/>\n<link rel=\"canonical\" href=\"https:\/\/gabinete.net\/es\/responsabilidad-penal-los-menores\/\" \/>\n<meta property=\"og:locale\" content=\"es_ES\" \/>\n<meta property=\"og:type\" content=\"article\" \/>\n<meta property=\"og:title\" content=\"La responsabilidad penal de los menores - Gabinete\" \/>\n<meta property=\"og:description\" content=\"La responsabilidad penal de los menores est\u00e1 regulada en la Ley Org\u00e1nica 5\/2000, de 12 de enero, reguladora de la responsabilidad penal de los menores y se aplica a las personas mayores de catorce a\u00f1os y menores de dieciocho que cometan hechos tipificados como delitos seg\u00fan el C\u00f3digo Penal. Esta ley introdujo dos novedades muy [&hellip;]\" \/>\n<meta property=\"og:url\" content=\"https:\/\/gabinete.net\/es\/responsabilidad-penal-los-menores\/\" \/>\n<meta property=\"og:site_name\" content=\"Gabinete\" \/>\n<meta property=\"article:publisher\" content=\"https:\/\/www.facebook.com\/Gabinete-Jur%c3%addico-Hern%c3%a1ndez-Vicente-SL-850104825098234\/\" \/>\n<meta property=\"article:published_time\" content=\"2018-03-27T11:08:29+00:00\" \/>\n<meta property=\"article:modified_time\" content=\"2020-03-23T15:45:04+00:00\" \/>\n<meta property=\"og:image\" content=\"https:\/\/gabinete.net\/wp-content\/uploads\/2020\/03\/4-responsabilidad-penal-menores.jpg\" \/>\n\t<meta property=\"og:image:width\" content=\"1000\" \/>\n\t<meta property=\"og:image:height\" content=\"667\" \/>\n<meta name=\"twitter:card\" content=\"summary_large_image\" \/>\n<meta name=\"twitter:label1\" content=\"Escrito por\" \/>\n\t<meta name=\"twitter:data1\" content=\"Hern\u00e1ndez &amp; Vicente\" \/>\n\t<meta name=\"twitter:label2\" content=\"Tiempo de lectura\" \/>\n\t<meta name=\"twitter:data2\" content=\"1 minuto\" \/>\n<script type=\"application\/ld+json\" class=\"yoast-schema-graph\">{\"@context\":\"https:\/\/schema.org\",\"@graph\":[{\"@type\":\"WebSite\",\"@id\":\"https:\/\/gabinete.net\/#website\",\"url\":\"https:\/\/gabinete.net\/\",\"name\":\"Gabinete\",\"description\":\"Otro sitio realizado con WordPress\",\"potentialAction\":[{\"@type\":\"SearchAction\",\"target\":{\"@type\":\"EntryPoint\",\"urlTemplate\":\"https:\/\/gabinete.net\/?s={search_term_string}\"},\"query-input\":\"required name=search_term_string\"}],\"inLanguage\":\"es\"},{\"@type\":\"ImageObject\",\"@id\":\"https:\/\/gabinete.net\/es\/responsabilidad-penal-los-menores\/#primaryimage\",\"inLanguage\":\"es\",\"url\":\"https:\/\/gabinete.net\/wp-content\/uploads\/2020\/03\/4-responsabilidad-penal-menores.jpg\",\"contentUrl\":\"https:\/\/gabinete.net\/wp-content\/uploads\/2020\/03\/4-responsabilidad-penal-menores.jpg\",\"width\":1000,\"height\":667,\"caption\":\"Girl listening to the mp3 player, selective focus\"},{\"@type\":\"WebPage\",\"@id\":\"https:\/\/gabinete.net\/es\/responsabilidad-penal-los-menores\/#webpage\",\"url\":\"https:\/\/gabinete.net\/es\/responsabilidad-penal-los-menores\/\",\"name\":\"La responsabilidad penal de los menores - Gabinete\",\"isPartOf\":{\"@id\":\"https:\/\/gabinete.net\/#website\"},\"primaryImageOfPage\":{\"@id\":\"https:\/\/gabinete.net\/es\/responsabilidad-penal-los-menores\/#primaryimage\"},\"datePublished\":\"2018-03-27T11:08:29+00:00\",\"dateModified\":\"2020-03-23T15:45:04+00:00\",\"author\":{\"@id\":\"https:\/\/gabinete.net\/#\/schema\/person\/114c7f352df189fa1740c59e1aaf399b\"},\"breadcrumb\":{\"@id\":\"https:\/\/gabinete.net\/es\/responsabilidad-penal-los-menores\/#breadcrumb\"},\"inLanguage\":\"es\",\"potentialAction\":[{\"@type\":\"ReadAction\",\"target\":[\"https:\/\/gabinete.net\/es\/responsabilidad-penal-los-menores\/\"]}]},{\"@type\":\"BreadcrumbList\",\"@id\":\"https:\/\/gabinete.net\/es\/responsabilidad-penal-los-menores\/#breadcrumb\",\"itemListElement\":[{\"@type\":\"ListItem\",\"position\":1,\"name\":\"Inici\",\"item\":\"https:\/\/gabinete.net\/es\/\"},{\"@type\":\"ListItem\",\"position\":2,\"name\":\"La responsabilidad penal de los menores\"}]},{\"@type\":\"Person\",\"@id\":\"https:\/\/gabinete.net\/#\/schema\/person\/114c7f352df189fa1740c59e1aaf399b\",\"name\":\"Hern\\u00e1ndez &amp; Vicente\",\"image\":{\"@type\":\"ImageObject\",\"@id\":\"https:\/\/gabinete.net\/#personlogo\",\"inLanguage\":\"es\",\"url\":\"https:\/\/secure.gravatar.com\/avatar\/7c27f531a5f0b8b61666ba5c046c2c31?s=96&d=mm&r=g\",\"contentUrl\":\"https:\/\/secure.gravatar.com\/avatar\/7c27f531a5f0b8b61666ba5c046c2c31?s=96&d=mm&r=g\",\"caption\":\"Hern\\u00e1ndez &amp; Vicente\"}}]}<\/script>\n<!-- \/ Yoast SEO plugin. -->","yoast_head_json":{"title":"La responsabilidad penal de los menores - Gabinete","robots":{"index":"index","follow":"follow","max-snippet":"max-snippet:-1","max-image-preview":"max-image-preview:large","max-video-preview":"max-video-preview:-1"},"canonical":"https:\/\/gabinete.net\/es\/responsabilidad-penal-los-menores\/","og_locale":"es_ES","og_type":"article","og_title":"La responsabilidad penal de los menores - Gabinete","og_description":"La responsabilidad penal de los menores est\u00e1 regulada en la Ley Org\u00e1nica 5\/2000, de 12 de enero, reguladora de la responsabilidad penal de los menores y se aplica a las personas mayores de catorce a\u00f1os y menores de dieciocho que cometan hechos tipificados como delitos seg\u00fan el C\u00f3digo Penal. Esta ley introdujo dos novedades muy [&hellip;]","og_url":"https:\/\/gabinete.net\/es\/responsabilidad-penal-los-menores\/","og_site_name":"Gabinete","article_publisher":"https:\/\/www.facebook.com\/Gabinete-Jur%c3%addico-Hern%c3%a1ndez-Vicente-SL-850104825098234\/","article_published_time":"2018-03-27T11:08:29+00:00","article_modified_time":"2020-03-23T15:45:04+00:00","og_image":[{"width":1000,"height":667,"url":"https:\/\/gabinete.net\/wp-content\/uploads\/2020\/03\/4-responsabilidad-penal-menores.jpg","path":"\/home\/gabinetevp\/www\/wp-content\/uploads\/2020\/03\/4-responsabilidad-penal-menores.jpg","size":"full","id":1367,"alt":"","pixels":667000,"type":"image\/jpeg"}],"twitter_card":"summary_large_image","twitter_misc":{"Escrito por":"Hern\u00e1ndez &amp; Vicente","Tiempo de lectura":"1 minuto"},"schema":{"@context":"https:\/\/schema.org","@graph":[{"@type":"WebSite","@id":"https:\/\/gabinete.net\/#website","url":"https:\/\/gabinete.net\/","name":"Gabinete","description":"Otro sitio realizado con WordPress","potentialAction":[{"@type":"SearchAction","target":{"@type":"EntryPoint","urlTemplate":"https:\/\/gabinete.net\/?s={search_term_string}"},"query-input":"required name=search_term_string"}],"inLanguage":"es"},{"@type":"ImageObject","@id":"https:\/\/gabinete.net\/es\/responsabilidad-penal-los-menores\/#primaryimage","inLanguage":"es","url":"https:\/\/gabinete.net\/wp-content\/uploads\/2020\/03\/4-responsabilidad-penal-menores.jpg","contentUrl":"https:\/\/gabinete.net\/wp-content\/uploads\/2020\/03\/4-responsabilidad-penal-menores.jpg","width":1000,"height":667,"caption":"Girl listening to the mp3 player, selective focus"},{"@type":"WebPage","@id":"https:\/\/gabinete.net\/es\/responsabilidad-penal-los-menores\/#webpage","url":"https:\/\/gabinete.net\/es\/responsabilidad-penal-los-menores\/","name":"La responsabilidad penal de los menores - Gabinete","isPartOf":{"@id":"https:\/\/gabinete.net\/#website"},"primaryImageOfPage":{"@id":"https:\/\/gabinete.net\/es\/responsabilidad-penal-los-menores\/#primaryimage"},"datePublished":"2018-03-27T11:08:29+00:00","dateModified":"2020-03-23T15:45:04+00:00","author":{"@id":"https:\/\/gabinete.net\/#\/schema\/person\/114c7f352df189fa1740c59e1aaf399b"},"breadcrumb":{"@id":"https:\/\/gabinete.net\/es\/responsabilidad-penal-los-menores\/#breadcrumb"},"inLanguage":"es","potentialAction":[{"@type":"ReadAction","target":["https:\/\/gabinete.net\/es\/responsabilidad-penal-los-menores\/"]}]},{"@type":"BreadcrumbList","@id":"https:\/\/gabinete.net\/es\/responsabilidad-penal-los-menores\/#breadcrumb","itemListElement":[{"@type":"ListItem","position":1,"name":"Inici","item":"https:\/\/gabinete.net\/es\/"},{"@type":"ListItem","position":2,"name":"La responsabilidad penal de los menores"}]},{"@type":"Person","@id":"https:\/\/gabinete.net\/#\/schema\/person\/114c7f352df189fa1740c59e1aaf399b","name":"Hern\u00e1ndez &amp; Vicente","image":{"@type":"ImageObject","@id":"https:\/\/gabinete.net\/#personlogo","inLanguage":"es","url":"https:\/\/secure.gravatar.com\/avatar\/7c27f531a5f0b8b61666ba5c046c2c31?s=96&d=mm&r=g","contentUrl":"https:\/\/secure.gravatar.com\/avatar\/7c27f531a5f0b8b61666ba5c046c2c31?s=96&d=mm&r=g","caption":"Hern\u00e1ndez &amp; Vicente"}}]}},"_links":{"self":[{"href":"https:\/\/gabinete.net\/es\/wp-json\/wp\/v2\/posts\/956"}],"collection":[{"href":"https:\/\/gabinete.net\/es\/wp-json\/wp\/v2\/posts"}],"about":[{"href":"https:\/\/gabinete.net\/es\/wp-json\/wp\/v2\/types\/post"}],"author":[{"embeddable":true,"href":"https:\/\/gabinete.net\/es\/wp-json\/wp\/v2\/users\/2"}],"replies":[{"embeddable":true,"href":"https:\/\/gabinete.net\/es\/wp-json\/wp\/v2\/comments?post=956"}],"version-history":[{"count":2,"href":"https:\/\/gabinete.net\/es\/wp-json\/wp\/v2\/posts\/956\/revisions"}],"predecessor-version":[{"id":1522,"href":"https:\/\/gabinete.net\/es\/wp-json\/wp\/v2\/posts\/956\/revisions\/1522"}],"wp:featuredmedia":[{"embeddable":true,"href":"https:\/\/gabinete.net\/es\/wp-json\/wp\/v2\/media\/1367"}],"wp:attachment":[{"href":"https:\/\/gabinete.net\/es\/wp-json\/wp\/v2\/media?parent=956"}],"wp:term":[{"taxonomy":"category","embeddable":true,"href":"https:\/\/gabinete.net\/es\/wp-json\/wp\/v2\/categories?post=956"},{"taxonomy":"post_tag","embeddable":true,"href":"https:\/\/gabinete.net\/es\/wp-json\/wp\/v2\/tags?post=956"}],"curies":[{"name":"wp","href":"https:\/\/api.w.org\/{rel}","templated":true}]}}