{"id":967,"date":"2018-04-11T10:26:14","date_gmt":"2018-04-11T10:26:14","guid":{"rendered":"https:\/\/gabinete.net\/?p=967\/"},"modified":"2020-03-23T15:44:15","modified_gmt":"2020-03-23T15:44:15","slug":"la-carta-verde","status":"publish","type":"post","link":"https:\/\/gabinete.net\/es\/la-carta-verde\/","title":{"rendered":"La carta verde"},"content":{"rendered":"<p>La carta verde, tambi\u00e9n conocida como Carta Internacional de los Seguros de Veh\u00edculos a Motor, es un documento de seguro suscrito por todos los seguros de un pa\u00eds determinado\u00a0 que acredita que un conductor est\u00e1 asegurado en un pa\u00eds extranjero adherido a este sistema espec\u00edfico.<\/p>\n<p>El \u00e1mbito de actuaci\u00f3n de la carta verde est\u00e1 reconocido por 45 pa\u00edses en todo el mundo y se extiende b\u00e1sicamente por toda Europa junto con algunos otros pa\u00edses como Rusia, Ir\u00e1n, Israel, Marruecos y T\u00fanez.<\/p>\n<p>Tener la carta verde implicar\u00e1 que, aunque est\u00e9 en el extranjero, el alcance del seguro se extender\u00e1 tambi\u00e9n.<\/p>\n<p>No es necesario tener la carta verde f\u00edsicamente para viajar dentro de la Uni\u00f3n Europea ya que cada p\u00f3liza de seguro de autom\u00f3vil emitida en un estado miembro de la UE garantiza la cobertura m\u00ednima de seguro requerida por la ley del otro estado miembro. Tampoco es necesaria para viajar a Andorra, Noruega, Islandia, Suiza y Liechtenstein.<\/p>\n<p>S\u00ed ser\u00e1 necesario llevarla f\u00edsicamente para viajar a pa\u00edses fuera de la UE por lo que antes de iniciar un viaje es conveniente que tu compa\u00f1\u00eda de seguros te la emita.<\/p>\n<p>En caso de accidente de tr\u00e1fico en un pa\u00eds extranjero es importante actuar como si hubiese ocurrido en Espa\u00f1a. Es recomendable no abandonar el lugar de los hechos y si es preciso llamar a las autoridades de la zona y servicios de emergencia. Hay que rellenar el parte al momento utilizando el modelo de parte europeo de accidentes, anotando como datos m\u00ednimos el lugar y fecha del accidente, la informaci\u00f3n de posibles lesiones, da\u00f1os materiales, testigos y croquis de lo ocurrido, as\u00ed como la matr\u00edcula de los veh\u00edculos implicados y la causa del mismo. La declaraci\u00f3n debe firmarse por todos los implicados. Importante hacer fotograf\u00edas del momento y dar parte al seguro lo antes posible.<\/p>\n","protected":false},"excerpt":{"rendered":"<p>La carta verde, tambi\u00e9n conocida como Carta Internacional de los Seguros de Veh\u00edculos a Motor, es un documento de seguro suscrito por todos los seguros de un pa\u00eds determinado\u00a0 que acredita que un conductor est\u00e1 asegurado en un pa\u00eds extranjero adherido a este sistema espec\u00edfico. El \u00e1mbito de actuaci\u00f3n de la carta verde est\u00e1 reconocido [&hellip;]<\/p>\n","protected":false},"author":2,"featured_media":1325,"comment_status":"open","ping_status":"open","sticky":false,"template":"","format":"standard","meta":[],"categories":[1,2],"tags":[],"yoast_head":"<!-- This site is optimized with the Yoast SEO plugin v16.7 - https:\/\/yoast.com\/wordpress\/plugins\/seo\/ -->\n<title>La carta verde - Gabinete<\/title>\n<meta name=\"robots\" content=\"index, follow, max-snippet:-1, max-image-preview:large, max-video-preview:-1\" \/>\n<link rel=\"canonical\" href=\"https:\/\/gabinete.net\/es\/la-carta-verde\/\" \/>\n<meta property=\"og:locale\" content=\"es_ES\" \/>\n<meta property=\"og:type\" content=\"article\" \/>\n<meta property=\"og:title\" content=\"La carta verde - Gabinete\" \/>\n<meta property=\"og:description\" content=\"La carta verde, tambi\u00e9n conocida como Carta Internacional de los Seguros de Veh\u00edculos a Motor, es un documento de seguro suscrito por todos los seguros de un pa\u00eds determinado\u00a0 que acredita que un conductor est\u00e1 asegurado en un pa\u00eds extranjero adherido a este sistema espec\u00edfico. El \u00e1mbito de actuaci\u00f3n de la carta verde est\u00e1 reconocido [&hellip;]\" \/>\n<meta property=\"og:url\" content=\"https:\/\/gabinete.net\/es\/la-carta-verde\/\" \/>\n<meta property=\"og:site_name\" content=\"Gabinete\" \/>\n<meta property=\"article:publisher\" content=\"https:\/\/www.facebook.com\/Gabinete-Jur%c3%addico-Hern%c3%a1ndez-Vicente-SL-850104825098234\/\" \/>\n<meta property=\"article:published_time\" content=\"2018-04-11T10:26:14+00:00\" \/>\n<meta property=\"article:modified_time\" content=\"2020-03-23T15:44:15+00:00\" \/>\n<meta property=\"og:image\" content=\"https:\/\/gabinete.net\/wp-content\/uploads\/2020\/03\/2-carta-verde.jpg\" \/>\n\t<meta property=\"og:image:width\" content=\"1000\" \/>\n\t<meta property=\"og:image:height\" content=\"668\" \/>\n<meta name=\"twitter:card\" content=\"summary_large_image\" \/>\n<meta name=\"twitter:label1\" content=\"Escrito por\" \/>\n\t<meta name=\"twitter:data1\" content=\"Hern\u00e1ndez &amp; Vicente\" \/>\n\t<meta name=\"twitter:label2\" content=\"Tiempo de lectura\" \/>\n\t<meta name=\"twitter:data2\" content=\"2 minutos\" \/>\n<script type=\"application\/ld+json\" class=\"yoast-schema-graph\">{\"@context\":\"https:\/\/schema.org\",\"@graph\":[{\"@type\":\"WebSite\",\"@id\":\"https:\/\/gabinete.net\/#website\",\"url\":\"https:\/\/gabinete.net\/\",\"name\":\"Gabinete\",\"description\":\"Otro sitio realizado con WordPress\",\"potentialAction\":[{\"@type\":\"SearchAction\",\"target\":{\"@type\":\"EntryPoint\",\"urlTemplate\":\"https:\/\/gabinete.net\/?s={search_term_string}\"},\"query-input\":\"required name=search_term_string\"}],\"inLanguage\":\"es\"},{\"@type\":\"ImageObject\",\"@id\":\"https:\/\/gabinete.net\/es\/la-carta-verde\/#primaryimage\",\"inLanguage\":\"es\",\"url\":\"https:\/\/gabinete.net\/wp-content\/uploads\/2020\/03\/2-carta-verde.jpg\",\"contentUrl\":\"https:\/\/gabinete.net\/wp-content\/uploads\/2020\/03\/2-carta-verde.jpg\",\"width\":1000,\"height\":668,\"caption\":\"Car ride on road in sunny weather, motion blur\"},{\"@type\":\"WebPage\",\"@id\":\"https:\/\/gabinete.net\/es\/la-carta-verde\/#webpage\",\"url\":\"https:\/\/gabinete.net\/es\/la-carta-verde\/\",\"name\":\"La carta verde - Gabinete\",\"isPartOf\":{\"@id\":\"https:\/\/gabinete.net\/#website\"},\"primaryImageOfPage\":{\"@id\":\"https:\/\/gabinete.net\/es\/la-carta-verde\/#primaryimage\"},\"datePublished\":\"2018-04-11T10:26:14+00:00\",\"dateModified\":\"2020-03-23T15:44:15+00:00\",\"author\":{\"@id\":\"https:\/\/gabinete.net\/#\/schema\/person\/114c7f352df189fa1740c59e1aaf399b\"},\"breadcrumb\":{\"@id\":\"https:\/\/gabinete.net\/es\/la-carta-verde\/#breadcrumb\"},\"inLanguage\":\"es\",\"potentialAction\":[{\"@type\":\"ReadAction\",\"target\":[\"https:\/\/gabinete.net\/es\/la-carta-verde\/\"]}]},{\"@type\":\"BreadcrumbList\",\"@id\":\"https:\/\/gabinete.net\/es\/la-carta-verde\/#breadcrumb\",\"itemListElement\":[{\"@type\":\"ListItem\",\"position\":1,\"name\":\"Inici\",\"item\":\"https:\/\/gabinete.net\/es\/\"},{\"@type\":\"ListItem\",\"position\":2,\"name\":\"La carta verde\"}]},{\"@type\":\"Person\",\"@id\":\"https:\/\/gabinete.net\/#\/schema\/person\/114c7f352df189fa1740c59e1aaf399b\",\"name\":\"Hern\\u00e1ndez &amp; Vicente\",\"image\":{\"@type\":\"ImageObject\",\"@id\":\"https:\/\/gabinete.net\/#personlogo\",\"inLanguage\":\"es\",\"url\":\"https:\/\/secure.gravatar.com\/avatar\/7c27f531a5f0b8b61666ba5c046c2c31?s=96&d=mm&r=g\",\"contentUrl\":\"https:\/\/secure.gravatar.com\/avatar\/7c27f531a5f0b8b61666ba5c046c2c31?s=96&d=mm&r=g\",\"caption\":\"Hern\\u00e1ndez &amp; Vicente\"}}]}<\/script>\n<!-- \/ Yoast SEO plugin. -->","yoast_head_json":{"title":"La carta verde - Gabinete","robots":{"index":"index","follow":"follow","max-snippet":"max-snippet:-1","max-image-preview":"max-image-preview:large","max-video-preview":"max-video-preview:-1"},"canonical":"https:\/\/gabinete.net\/es\/la-carta-verde\/","og_locale":"es_ES","og_type":"article","og_title":"La carta verde - Gabinete","og_description":"La carta verde, tambi\u00e9n conocida como Carta Internacional de los Seguros de Veh\u00edculos a Motor, es un documento de seguro suscrito por todos los seguros de un pa\u00eds determinado\u00a0 que acredita que un conductor est\u00e1 asegurado en un pa\u00eds extranjero adherido a este sistema espec\u00edfico. El \u00e1mbito de actuaci\u00f3n de la carta verde est\u00e1 reconocido [&hellip;]","og_url":"https:\/\/gabinete.net\/es\/la-carta-verde\/","og_site_name":"Gabinete","article_publisher":"https:\/\/www.facebook.com\/Gabinete-Jur%c3%addico-Hern%c3%a1ndez-Vicente-SL-850104825098234\/","article_published_time":"2018-04-11T10:26:14+00:00","article_modified_time":"2020-03-23T15:44:15+00:00","og_image":[{"width":1000,"height":668,"url":"https:\/\/gabinete.net\/wp-content\/uploads\/2020\/03\/2-carta-verde.jpg","path":"\/home\/gabinetevp\/www\/wp-content\/uploads\/2020\/03\/2-carta-verde.jpg","size":"full","id":1325,"alt":"","pixels":668000,"type":"image\/jpeg"}],"twitter_card":"summary_large_image","twitter_misc":{"Escrito por":"Hern\u00e1ndez &amp; Vicente","Tiempo de lectura":"2 minutos"},"schema":{"@context":"https:\/\/schema.org","@graph":[{"@type":"WebSite","@id":"https:\/\/gabinete.net\/#website","url":"https:\/\/gabinete.net\/","name":"Gabinete","description":"Otro sitio realizado con WordPress","potentialAction":[{"@type":"SearchAction","target":{"@type":"EntryPoint","urlTemplate":"https:\/\/gabinete.net\/?s={search_term_string}"},"query-input":"required name=search_term_string"}],"inLanguage":"es"},{"@type":"ImageObject","@id":"https:\/\/gabinete.net\/es\/la-carta-verde\/#primaryimage","inLanguage":"es","url":"https:\/\/gabinete.net\/wp-content\/uploads\/2020\/03\/2-carta-verde.jpg","contentUrl":"https:\/\/gabinete.net\/wp-content\/uploads\/2020\/03\/2-carta-verde.jpg","width":1000,"height":668,"caption":"Car ride on road in sunny weather, motion blur"},{"@type":"WebPage","@id":"https:\/\/gabinete.net\/es\/la-carta-verde\/#webpage","url":"https:\/\/gabinete.net\/es\/la-carta-verde\/","name":"La carta verde - Gabinete","isPartOf":{"@id":"https:\/\/gabinete.net\/#website"},"primaryImageOfPage":{"@id":"https:\/\/gabinete.net\/es\/la-carta-verde\/#primaryimage"},"datePublished":"2018-04-11T10:26:14+00:00","dateModified":"2020-03-23T15:44:15+00:00","author":{"@id":"https:\/\/gabinete.net\/#\/schema\/person\/114c7f352df189fa1740c59e1aaf399b"},"breadcrumb":{"@id":"https:\/\/gabinete.net\/es\/la-carta-verde\/#breadcrumb"},"inLanguage":"es","potentialAction":[{"@type":"ReadAction","target":["https:\/\/gabinete.net\/es\/la-carta-verde\/"]}]},{"@type":"BreadcrumbList","@id":"https:\/\/gabinete.net\/es\/la-carta-verde\/#breadcrumb","itemListElement":[{"@type":"ListItem","position":1,"name":"Inici","item":"https:\/\/gabinete.net\/es\/"},{"@type":"ListItem","position":2,"name":"La carta verde"}]},{"@type":"Person","@id":"https:\/\/gabinete.net\/#\/schema\/person\/114c7f352df189fa1740c59e1aaf399b","name":"Hern\u00e1ndez &amp; Vicente","image":{"@type":"ImageObject","@id":"https:\/\/gabinete.net\/#personlogo","inLanguage":"es","url":"https:\/\/secure.gravatar.com\/avatar\/7c27f531a5f0b8b61666ba5c046c2c31?s=96&d=mm&r=g","contentUrl":"https:\/\/secure.gravatar.com\/avatar\/7c27f531a5f0b8b61666ba5c046c2c31?s=96&d=mm&r=g","caption":"Hern\u00e1ndez &amp; Vicente"}}]}},"_links":{"self":[{"href":"https:\/\/gabinete.net\/es\/wp-json\/wp\/v2\/posts\/967"}],"collection":[{"href":"https:\/\/gabinete.net\/es\/wp-json\/wp\/v2\/posts"}],"about":[{"href":"https:\/\/gabinete.net\/es\/wp-json\/wp\/v2\/types\/post"}],"author":[{"embeddable":true,"href":"https:\/\/gabinete.net\/es\/wp-json\/wp\/v2\/users\/2"}],"replies":[{"embeddable":true,"href":"https:\/\/gabinete.net\/es\/wp-json\/wp\/v2\/comments?post=967"}],"version-history":[{"count":1,"href":"https:\/\/gabinete.net\/es\/wp-json\/wp\/v2\/posts\/967\/revisions"}],"predecessor-version":[{"id":1518,"href":"https:\/\/gabinete.net\/es\/wp-json\/wp\/v2\/posts\/967\/revisions\/1518"}],"wp:featuredmedia":[{"embeddable":true,"href":"https:\/\/gabinete.net\/es\/wp-json\/wp\/v2\/media\/1325"}],"wp:attachment":[{"href":"https:\/\/gabinete.net\/es\/wp-json\/wp\/v2\/media?parent=967"}],"wp:term":[{"taxonomy":"category","embeddable":true,"href":"https:\/\/gabinete.net\/es\/wp-json\/wp\/v2\/categories?post=967"},{"taxonomy":"post_tag","embeddable":true,"href":"https:\/\/gabinete.net\/es\/wp-json\/wp\/v2\/tags?post=967"}],"curies":[{"name":"wp","href":"https:\/\/api.w.org\/{rel}","templated":true}]}}